{"id":38491,"date":"2016-06-21T17:57:43","date_gmt":"2016-06-21T22:57:43","guid":{"rendered":"http:\/\/www.biblia.work\/sermones\/leonardo-sandri-visita-egipto-para-celebrar-el-ano-de-la-fe\/"},"modified":"2016-06-21T17:57:43","modified_gmt":"2016-06-21T22:57:43","slug":"leonardo-sandri-visita-egipto-para-celebrar-el-ano-de-la-fe","status":"publish","type":"post","link":"https:\/\/www.biblia.work\/sermones\/leonardo-sandri-visita-egipto-para-celebrar-el-ano-de-la-fe\/","title":{"rendered":"Leonardo Sandri visita Egipto para celebrar el A\u00f1o de la Fe"},"content":{"rendered":"<p align=\"justify\"><strong><em>Cardenal Sandri: \u201cGarantizar a todos la profesi\u00f3n de la propia fe\u201d<\/em><\/strong><em><\/em><\/p>\n<p align=\"justify\">El cardenal <strong>Leonardo Sandri, Prefecto de la Congregaci\u00f3n para las Iglesias Orientales<\/strong>, en el curso de su <strong>visita a Egipto<\/strong> (6-11 enero) para <strong>celebrar con la Iglesia local el A\u00f1o de la Fe<\/strong>, ha encontrado el pasado 9 de enero en El Cairo a los responsables de las actividades apost\u00f3licas en ese pa\u00eds. \u201cSois -ha dicho el purpurado a los presentes- aquellos que han ofrecido su disponibilidad personal para servir a la Iglesia y los que tienen la tarea eclesial de comprometerse, cooperando con los pastores de forma fiel y constructiva, para que la vida de la comunidad cat\u00f3lica en Egipto, sepa anunciar con eficacia al Hijo de Dios a trav\u00e9s de la vida sacramental, la catequesis, la caridad, especialmente en la asistencia y la educaci\u00f3n y en el servicio concreto y diario de tantos hermanos y hermanas\u201d.<\/p>\n<p align=\"justify\">\u201cSin lugar a dudas- ha proseguido- est\u00e1is experimentando el desierto de la dif\u00edcil situaci\u00f3n actual. Quiz\u00e1s deber\u00edamos estar atentos para que no suceda que, mientras nos prodigamos en favor del evangelio, dejemos que avance el desierto en la conciencia y en el coraz\u00f3n. No olvidemos que las intensas jornadas del Hijo de Dios estaban precedidas y seguidas por el di\u00e1logo, todav\u00eda mas intenso, con el Padre (&#8230;) Deteng\u00e1monos tambi\u00e9n nosotros en el oasis de Elim, del que habla el libro del \u00c9xodo, para que la fe se vigorice mientras experimenta la belleza de la amistad con Dios, a pesar de las graves preocupaciones que el tiempo presente reserva a los cristianos de Oriente Medio y tambi\u00e9n a vuestra querida patria\u201d.<\/p>\n<p align=\"justify\">El cardenal ha recordado a continuaci\u00f3n su encuentro en Alejandr\u00eda con las religiosas egipcias del Sagrado Coraz\u00f3n y con las franciscanas misioneras del Coraz\u00f3n Inmaculado de Mar\u00eda, en el que subray\u00f3 \u201cel primado de la acci\u00f3n caritativa en beneficio de los hijos de esta naci\u00f3n\u201d y observ\u00f3 que una manifestaci\u00f3n muy singular de la caridad cristiana hab\u00eda sido la construcci\u00f3n de la iglesia en Sharm El Sheik; una obra a la que han contribuido con su generosidad la comunidad eclesial del lugar, la representaci\u00f3n pontificia y algunos organismos de ayuda pertenecientes a ROACO (Reuni\u00f3n de las Obras de Ayuda a las Iglesias Orientales) de la que el Prefecto de la Congregaci\u00f3n para las Iglesias Orientales es presidente.<\/p>\n<p align=\"justify\">\u201cNo podemos ni queremos olvidar -ha recalcado- la secular tradici\u00f3n de Egipto: las cimas de religiosidad y cultura que ha conocido y que debe confirmar en el presente y en el futuro: una cultura siempre abierta a la revelaci\u00f3n de Dios (&#8230;) Custodiar y cultivar la fe en el \u00e1mbito de la cultura constituye un \u00e1mbito privilegiado de la misi\u00f3n pastoral y, quiz\u00e1s, se deba incentivar la colaboraci\u00f3n entre los diferentes centros que desde hace tiempo animan la actividad apost\u00f3lica y misionera de esta naci\u00f3n\u201d.<\/p>\n<p align=\"justify\">Al final, el cardenal ha confiado a los responsables de las actividades apost\u00f3licas las finalidades del A\u00f1o de la Fe, inaugurado por el Santo Padre el 11 de octubre de 2012. \u201cEn primer lugar -ha dicho- se nos pide, a nosotros, que por la gracia estamos cerca de la vida eclesial y participamos directamente de ella, que crezcamos en la toma de conciencia del don recibido intensificando, sobre todo, la vida sacramental personal y comunitaria\u201d.<\/p>\n<p align=\"justify\">De ese modo podremos \u201ccompartir la misi\u00f3n de la Iglesia con todas las gentes. Esperamos del A\u00f1o de la Fe un impulso misionero renovado ya que en todo el mundo las religiones m\u00e1s diversas se encuentran y se confrontan. Y nosotros deseamos la confirmaci\u00f3n de la presencia eclesial en el mundo, con el debido apoyo y la defensa de aquellos cristianos a quienes no se les reconoce la libertad religiosa. A todos, sin distinci\u00f3n, y, por lo tanto, tambi\u00e9n a los cristianos, se debe garantizar la profesi\u00f3n del credo propio\u201d.<\/p>\n<p align=\"justify\">Por \u00faltimo, la tercera finalidad del A\u00f1o de la Fe es \u201cllamar al coraz\u00f3n de tantos cristianos cansados e indiferentes para que vuelvan a descubrir la alegr\u00eda de Cristo y regresen a \u00c9l para tener la vida eterna y verdadera\u201d.<\/p>\n<p align=\"justify\">Ayer, jueves, el cardenal inaugur\u00f3 la iglesia de Nuestra Se\u00f1ora de la Paz en Sharm El Sheik .La visita del Cardenal Sandri tambi\u00e9n ha sido motivo para recordar la celebraci\u00f3n del centenario de las religiosas egipcias del Sagrado Coraz\u00f3n, y del bicentenario con las Hermanas Franciscanas del Coraz\u00f3n Inmaculado de Mar\u00eda. Asimismo, el purpurado se ha entrevistado con el patriarca de Alejandr\u00eda de los Coptos Cat\u00f3licos el cardenal Antonios Naguib, y con los obispos en Egipto. Igualmente, en el \u00e1mbito de las relaciones con la Iglesia Ortodoxa, ha encontrado al Patriarca greco ortodoxo Teodoro II, y al patriarca copto ortodoxo Tawadros II.<\/p>\n<p align=\"justify\">&nbsp;<\/p>\n<p align=\"right\">Ciudad del Vaticano, 11 enero 2013 (VIS).-<\/p>\n","protected":false},"excerpt":{"rendered":"<p>Cardenal Sandri: \u201cGarantizar a todos la profesi\u00f3n de la propia fe\u201d El cardenal Leonardo Sandri, Prefecto de la Congregaci\u00f3n para las Iglesias Orientales, en el curso de su visita a Egipto (6-11 enero) para celebrar con la Iglesia local el A\u00f1o de la Fe, ha encontrado el pasado 9 de enero en El Cairo a &hellip; <a href=\"https:\/\/www.biblia.work\/sermones\/leonardo-sandri-visita-egipto-para-celebrar-el-ano-de-la-fe\/\" class=\"more-link\">Continuar leyendo<span class=\"screen-reader-text\"> \u00abLeonardo Sandri visita Egipto para celebrar el A\u00f1o de la Fe\u00bb<\/span><\/a><\/p>\n","protected":false},"author":1,"featured_media":0,"comment_status":"open","ping_status":"closed","sticky":false,"template":"","format":"standard","meta":{"footnotes":""},"categories":[1],"tags":[],"class_list":["post-38491","post","type-post","status-publish","format-standard","hentry","category-general"],"_links":{"self":[{"href":"https:\/\/www.biblia.work\/sermones\/wp-json\/wp\/v2\/posts\/38491","targetHints":{"allow":["GET"]}}],"collection":[{"href":"https:\/\/www.biblia.work\/sermones\/wp-json\/wp\/v2\/posts"}],"about":[{"href":"https:\/\/www.biblia.work\/sermones\/wp-json\/wp\/v2\/types\/post"}],"author":[{"embeddable":true,"href":"https:\/\/www.biblia.work\/sermones\/wp-json\/wp\/v2\/users\/1"}],"replies":[{"embeddable":true,"href":"https:\/\/www.biblia.work\/sermones\/wp-json\/wp\/v2\/comments?post=38491"}],"version-history":[{"count":0,"href":"https:\/\/www.biblia.work\/sermones\/wp-json\/wp\/v2\/posts\/38491\/revisions"}],"wp:attachment":[{"href":"https:\/\/www.biblia.work\/sermones\/wp-json\/wp\/v2\/media?parent=38491"}],"wp:term":[{"taxonomy":"category","embeddable":true,"href":"https:\/\/www.biblia.work\/sermones\/wp-json\/wp\/v2\/categories?post=38491"},{"taxonomy":"post_tag","embeddable":true,"href":"https:\/\/www.biblia.work\/sermones\/wp-json\/wp\/v2\/tags?post=38491"}],"curies":[{"name":"wp","href":"https:\/\/api.w.org\/{rel}","templated":true}]}}