{"id":38492,"date":"2016-06-21T17:57:47","date_gmt":"2016-06-21T22:57:47","guid":{"rendered":"http:\/\/www.biblia.work\/sermones\/hay-99-nuncios-que-representan-al-papa-benedicto-xvi-en-el-mundo\/"},"modified":"2016-06-21T17:57:47","modified_gmt":"2016-06-21T22:57:47","slug":"hay-99-nuncios-que-representan-al-papa-benedicto-xvi-en-el-mundo","status":"publish","type":"post","link":"https:\/\/www.biblia.work\/sermones\/hay-99-nuncios-que-representan-al-papa-benedicto-xvi-en-el-mundo\/","title":{"rendered":"Hay 99 nuncios que representan al Papa Benedicto XVI en el mundo"},"content":{"rendered":"<p align=\"justify\">Disminuye el n\u00famero de italianos y aumentan los asi\u00e1ticos y africanos<\/p>\n<p align=\"justify\">Actualmente est\u00e1n desplegados por el mundo <strong>99 nuncios apost\u00f3licos<\/strong>, algunos de los cuales <strong>tienen a cargo m\u00e1s de un pa\u00eds<\/strong>. Seg\u00fan datos divulgados este domingo por el diario italiano <em>Avvenire<\/em>, poco menos de la mitad (48) son italianos, un porcentaje inferior respecto al pasado (en 1961, proven\u00edan de Italia 48 nuncios sobre 58, es decir el 83%; en 1978 eran 55 sobre 75, el 73%).<\/p>\n<p align=\"justify\">Una tendencia destinada a disminuir, dado que, por ejemplo, con Benedicto XVI han sido elevados al episcopado 41 nuncios de primer nombramiento, de los cuales \u201csolo\u201d quince fueron italianos (37%). Pero a\u00fan de Italia provienen los representantes pontificios en pa\u00edses eclesi\u00e1sticamente y\/o pol\u00edticamente importantes como Francia, Espa\u00f1a, Gran Breta\u00f1a, Polonia, Estados Unidos, Brasil y la misma Italia.<\/p>\n<p align=\"justify\">Los dem\u00e1s nuncios proceden en su mayor\u00eda del resto de Europa (26, de los cuales seis son polacos, cinco espa\u00f1oles e igual n\u00famero de franceses). Tambi\u00e9n hay de Asia (12), de Norteam\u00e9rica (7, todos estadounidenses), de \u00c1frica (cinco) y dos de Hispanoam\u00e9rica.<\/p>\n<p align=\"justify\">Actualmente est\u00e1n vacantes las nunciaturas de Costa de Marfil, El Salvador, Malta, Kenia y Uganda, mientras en el transcurso de los pr\u00f3ximos meses partir\u00e1 el nuncio de Bulgaria [con el traslado del nuncio franc\u00e9s Jean-Paul Gobel a Egipto, queda vacante tambi\u00e9n la de Ir\u00e1n].<\/p>\n<p align=\"justify\">Uno de ellos, el nigeriano Fortunatus Nwachurwu que fue nombrado el 12 de noviembre pasado nuncio apost\u00f3lico en Nicaragua, recibi\u00f3 la consagraci\u00f3n episcopal de manos de Benedicto XVI el pasado 6 de enero, fiesta de la Epifan\u00eda.<\/p>\n<p align=\"justify\">Monse\u00f1or Silvio Jos\u00e9 B\u00e1ez, obispo auxiliar de Managua particip\u00f3 en la ordenaci\u00f3n episcopal del nuevo nuncio Nwachchuwu. Monse\u00f1or B\u00e1ez fue uno de los diecis\u00e9is obispos elegidos para imponer las manos a los cuatro obispos ordenados en esa ceremonia. El obispo nicarag\u00fcense, antes de la ordenaci\u00f3n, le entreg\u00f3 como regalo de los obispos y del pueblo cat\u00f3lico de Nicaragua una edici\u00f3n completa de todos los documentos pastorales publicados por la Conferencia Episcopal desde 2007.<\/p>\n<p align=\"justify\">Por otra parte, el pasado 1 de enero fue nombrado por el papa nuncio apost\u00f3lico en Guatemala monse\u00f1or Nicolas Henry Marie Denis Thevenin, arzobispo titular electo de Eclano.<\/p>\n<p align=\"justify\">Monse\u00f1or Nicolas Henry Marie Denis Thevenin naci\u00f3 en Saint-Dizier, Francia, el 5 de junio de 1958. Fue ordenado sacerdote el 4 de julio de 1989. Se incardin\u00f3 en G\u00e9nova. Es licenciado en Derecho Can\u00f3nico. Ingresado en el servicio diplom\u00e1tico de la Santa Sede el 1 de julio de 1994, sirvi\u00f3 en las representaciones pontificias de India, Rep\u00fablica Democr\u00e1tica del Congo, B\u00e9lgica, L\u00edbano, Cuba, Bulgaria y, por \u00faltimo, en la secci\u00f3n para las Relaciones con los Estados de la Secretar\u00eda de Estado. Fue nombrado protonotario apost\u00f3lico de <em>numero participantium<\/em>, el 15 de diciembre de 2009. Conoce el franc\u00e9s, ingl\u00e9s, italiano, alem\u00e1n, espa\u00f1ol y portugu\u00e9s.<\/p>\n<p align=\"justify\">Fueron designados tambi\u00e9n en estos primeros d\u00edas del a\u00f1o el nuevo nuncio en la Rep\u00fablica \u00c1rabe de Egipto y delegado ante la Organizaci\u00f3n de la Liga de Estados \u00c1rabes, y el de Australia.<\/p>\n<p align=\"justify\">El nuncio en la Rep\u00fablica \u00c1rabe de Egipto es monse\u00f1or Jean-Paul Gobel, arzobispo titular de Galazia en Campania, hasta ahora nuncio apost\u00f3lico en Ir\u00e1n.<\/p>\n<p align=\"justify\">El de Australia es monse\u00f1or Paul Richard Gallagher, arzobispo titular de Hodelm, hasta ahora nuncio en Guatemala.<\/p>\n<p align=\"justify\">&nbsp;<\/p>\n<p align=\"right\">CIUDAD DEL VATICANO, 09 de enero de 2013 (Zenit.org) &#8211;<\/p>\n","protected":false},"excerpt":{"rendered":"<p>Disminuye el n\u00famero de italianos y aumentan los asi\u00e1ticos y africanos Actualmente est\u00e1n desplegados por el mundo 99 nuncios apost\u00f3licos, algunos de los cuales tienen a cargo m\u00e1s de un pa\u00eds. Seg\u00fan datos divulgados este domingo por el diario italiano Avvenire, poco menos de la mitad (48) son italianos, un porcentaje inferior respecto al pasado &hellip; <a href=\"https:\/\/www.biblia.work\/sermones\/hay-99-nuncios-que-representan-al-papa-benedicto-xvi-en-el-mundo\/\" class=\"more-link\">Continuar leyendo<span class=\"screen-reader-text\"> \u00abHay 99 nuncios que representan al Papa Benedicto XVI en el mundo\u00bb<\/span><\/a><\/p>\n","protected":false},"author":1,"featured_media":0,"comment_status":"open","ping_status":"closed","sticky":false,"template":"","format":"standard","meta":{"footnotes":""},"categories":[1],"tags":[],"class_list":["post-38492","post","type-post","status-publish","format-standard","hentry","category-general"],"_links":{"self":[{"href":"https:\/\/www.biblia.work\/sermones\/wp-json\/wp\/v2\/posts\/38492","targetHints":{"allow":["GET"]}}],"collection":[{"href":"https:\/\/www.biblia.work\/sermones\/wp-json\/wp\/v2\/posts"}],"about":[{"href":"https:\/\/www.biblia.work\/sermones\/wp-json\/wp\/v2\/types\/post"}],"author":[{"embeddable":true,"href":"https:\/\/www.biblia.work\/sermones\/wp-json\/wp\/v2\/users\/1"}],"replies":[{"embeddable":true,"href":"https:\/\/www.biblia.work\/sermones\/wp-json\/wp\/v2\/comments?post=38492"}],"version-history":[{"count":0,"href":"https:\/\/www.biblia.work\/sermones\/wp-json\/wp\/v2\/posts\/38492\/revisions"}],"wp:attachment":[{"href":"https:\/\/www.biblia.work\/sermones\/wp-json\/wp\/v2\/media?parent=38492"}],"wp:term":[{"taxonomy":"category","embeddable":true,"href":"https:\/\/www.biblia.work\/sermones\/wp-json\/wp\/v2\/categories?post=38492"},{"taxonomy":"post_tag","embeddable":true,"href":"https:\/\/www.biblia.work\/sermones\/wp-json\/wp\/v2\/tags?post=38492"}],"curies":[{"name":"wp","href":"https:\/\/api.w.org\/{rel}","templated":true}]}}