{"id":38493,"date":"2016-06-21T17:57:51","date_gmt":"2016-06-21T22:57:51","guid":{"rendered":"http:\/\/www.biblia.work\/sermones\/el-150-aniversario-de-la-muerte-de-la-sierva-de-dios-pauline-marie-jaricot\/"},"modified":"2016-06-21T17:57:51","modified_gmt":"2016-06-21T22:57:51","slug":"el-150-aniversario-de-la-muerte-de-la-sierva-de-dios-pauline-marie-jaricot","status":"publish","type":"post","link":"https:\/\/www.biblia.work\/sermones\/el-150-aniversario-de-la-muerte-de-la-sierva-de-dios-pauline-marie-jaricot\/","title":{"rendered":"El 150\u00b0 Aniversario de la muerte de la Sierva de Dios Pauline-Marie Jaricot"},"content":{"rendered":"<p align=\"justify\">La <strong>Conferencia Episcopal Francesa<\/strong> ha declarado el 2012 como <strong>A\u00f1o de jubileo de la sierva de Dios, la Venerable Pauline<\/strong>, que muri\u00f3 hace 150 a\u00f1os en Lyon, el 9 de enero de 1862.\u2028El 2012 tambi\u00e9n ha sido el 190 aniversario de la fundaci\u00f3n de la <strong>Asociaci\u00f3n para la Propagaci\u00f3n de la Fe y el 90 aniversario de la erecci\u00f3n de la Ora Pontificia<\/strong>.<\/p>\n<p align=\"justify\">\n<p align=\"justify\">Con la proclamaci\u00f3n de este Jubileo, la Conferencia Episcopal Francesa ha querido redescubrir la figura de esta mujer, que en realidad es poco conocida, pero con que su fe, su creatividad y su santidad puso en marcha la Cooperaci\u00f3n Misionera de los tiempos modernos. \u2028Naci\u00f3 en Lyon, Francia, en 1799, en un per\u00edodo de mucha agitaci\u00f3n pol\u00edtica y cultural, fue una apasionada de las misiones extranjeras y al mismo tiempo una trabajadora incansable de la justicia en una sociedad donde los derechos de los obreros y especialmente de las mujeres eran violados constantemente.<\/p>\n<p align=\"justify\">En 1822 fund\u00f3 la Asociaci\u00f3n para la Propagaci\u00f3n de la Fe, con la caracter\u00edstica de universalidad. Se dio cuenta de que el problema de la cooperaci\u00f3n misionera no era el de ayudar a una u otra misi\u00f3n, sino a todas, sin distinci\u00f3n. &#8220;Hagamos algo universal, cat\u00f3lico&#8221;. &#8220;Todos los fieles para todos los infieles&#8221;. \u2028Por ella inici\u00f3 este gran movimiento de cooperaci\u00f3n misionera, que poco a poco deb\u00eda involucrar a toda la Iglesia, a todos los cat\u00f3licos, a todas sus instituciones y sus ministerios. De su pasi\u00f3n misionera y su intuici\u00f3n nacieron las otras Obras Pontificias &#8211; Santa Infancia &#8211; S. Pedro Ap\u00f3stol &#8211; Uni\u00f3n Misionera. Su lema: &#8220;Todos los fieles para todos los infieles&#8221; se convirti\u00f3 en &#8220;toda la Iglesia para todo el mundo&#8221;, el lema del Beato P. Manna, fundador de la Pontificia Uni\u00f3n Misionera.\u2028A la pasi\u00f3n por la difusi\u00f3n del Reino de Dios entre los no cristianos, se a\u00f1adi\u00f3 su pasi\u00f3n por la justicia social. Para sacar de la miseria a los obreros y obreras del mundo industrializado de entonces, puso en marcha varias iniciativas de sensibilizaci\u00f3n social y fund\u00f3 el Banco del Cielo.<\/p>\n<p align=\"justify\">Esta creatividad apost\u00f3lica era el resultado de su intensa vida espiritual. Estaba firmemente convencida de que el trabajo misionero no ten\u00eda eficacia por el trabajo y los recursos humanos, sino s\u00f3lo por Dios, porque era Su misi\u00f3n. En 1826 fund\u00f3 el Rosario Viviente. Pero fue su vida la que se convirti\u00f3 en el testimonio m\u00e1s palpable de su pasi\u00f3n por el anuncio del Evangelio a los gentiles.\u2028Donaci\u00f3n de s\u00ed misma, y de lo que ten\u00eda como propiedad familiar, una pobreza radical, una contemplaci\u00f3n continua del rostro de Cristo, acompa\u00f1aron su aventura apost\u00f3lica. Al final, como a todo disc\u00edpulo de Cristo, no le falto la cruz, tuvo que soportar una gran cantidad de insultos, por la bancarrota que tuvo que declarar en 1862 y vivir el resto de su vida en la pobreza absoluta \u2028El re-descubrimiento de esta figura se eleva luminosa en el mundo de los cristianos laicos, y especialmente en el mundo misionero.<\/p>\n<p align=\"justify\">Ella que amaba ser llamada la &#8220;pobre de Jesucristo&#8221; y luego &#8220;la pobre de Mar\u00eda&#8221; quiso identificarse como &#8220;hija en el Hijo&#8221; para la salvaci\u00f3n de todo el mundo. \u2028Con su vida y su obra, fue motivo de reflexi\u00f3n eclesiol\u00f3gica misionera, que en el Concilio Vaticano II concluy\u00f3 con la siguiente afirmaci\u00f3n: La Iglesia es misionera por naturaleza, y la evangelizaci\u00f3n es un derecho y un deber de todo fiel laico. Por este motivo fue declarada Venerable por el Beato Juan XXIII el 25 de febrero de 1963.<\/p>\n<p align=\"right\">Ciudad del Vaticano (Agencia Fides) &#8211;<\/p>\n","protected":false},"excerpt":{"rendered":"<p>La Conferencia Episcopal Francesa ha declarado el 2012 como A\u00f1o de jubileo de la sierva de Dios, la Venerable Pauline, que muri\u00f3 hace 150 a\u00f1os en Lyon, el 9 de enero de 1862.\u2028El 2012 tambi\u00e9n ha sido el 190 aniversario de la fundaci\u00f3n de la Asociaci\u00f3n para la Propagaci\u00f3n de la Fe y el 90 &hellip; <a href=\"https:\/\/www.biblia.work\/sermones\/el-150-aniversario-de-la-muerte-de-la-sierva-de-dios-pauline-marie-jaricot\/\" class=\"more-link\">Continuar leyendo<span class=\"screen-reader-text\"> \u00abEl 150\u00b0 Aniversario de la muerte de la Sierva de Dios Pauline-Marie Jaricot\u00bb<\/span><\/a><\/p>\n","protected":false},"author":1,"featured_media":0,"comment_status":"open","ping_status":"closed","sticky":false,"template":"","format":"standard","meta":{"footnotes":""},"categories":[1],"tags":[],"class_list":["post-38493","post","type-post","status-publish","format-standard","hentry","category-general"],"_links":{"self":[{"href":"https:\/\/www.biblia.work\/sermones\/wp-json\/wp\/v2\/posts\/38493","targetHints":{"allow":["GET"]}}],"collection":[{"href":"https:\/\/www.biblia.work\/sermones\/wp-json\/wp\/v2\/posts"}],"about":[{"href":"https:\/\/www.biblia.work\/sermones\/wp-json\/wp\/v2\/types\/post"}],"author":[{"embeddable":true,"href":"https:\/\/www.biblia.work\/sermones\/wp-json\/wp\/v2\/users\/1"}],"replies":[{"embeddable":true,"href":"https:\/\/www.biblia.work\/sermones\/wp-json\/wp\/v2\/comments?post=38493"}],"version-history":[{"count":0,"href":"https:\/\/www.biblia.work\/sermones\/wp-json\/wp\/v2\/posts\/38493\/revisions"}],"wp:attachment":[{"href":"https:\/\/www.biblia.work\/sermones\/wp-json\/wp\/v2\/media?parent=38493"}],"wp:term":[{"taxonomy":"category","embeddable":true,"href":"https:\/\/www.biblia.work\/sermones\/wp-json\/wp\/v2\/categories?post=38493"},{"taxonomy":"post_tag","embeddable":true,"href":"https:\/\/www.biblia.work\/sermones\/wp-json\/wp\/v2\/tags?post=38493"}],"curies":[{"name":"wp","href":"https:\/\/api.w.org\/{rel}","templated":true}]}}