{"id":38498,"date":"2016-06-21T17:58:21","date_gmt":"2016-06-21T22:58:21","guid":{"rendered":"http:\/\/www.biblia.work\/sermones\/tres-nuevos-tuits-del-papa-benedicto-xvi-7-1-2013-sobre-la-objeccion-de-conciencia-nigeria-y-siria\/"},"modified":"2016-06-21T17:58:21","modified_gmt":"2016-06-21T22:58:21","slug":"tres-nuevos-tuits-del-papa-benedicto-xvi-7-1-2013-sobre-la-objeccion-de-conciencia-nigeria-y-siria","status":"publish","type":"post","link":"https:\/\/www.biblia.work\/sermones\/tres-nuevos-tuits-del-papa-benedicto-xvi-7-1-2013-sobre-la-objeccion-de-conciencia-nigeria-y-siria\/","title":{"rendered":"Tres nuevos tuits del Papa Benedicto XVI (7-1-2013) sobre la objecci\u00f3n de conciencia, Nigeria y Siria"},"content":{"rendered":"<p align=\"justify\">El Papa Benedicto XVI, tras su discurso de comienzo de a\u00f1o al Cuerpo Diplom\u00e1tico acreditado ante la Santa Sede, ha enviado desde su cuenta en Twitter estos tres nuevos tuits:<\/p>\n<p align=\"justify\">Defendamos el derecho a la objeci\u00f3n de conciencia de los individuos y las instituciones, promoviendo la libertad y el respeto de todos.<\/p>\n<p align=\"justify\">Los nigerianos ocupan un lugar especial en mi coraz\u00f3n; muchos de ellos han sido v\u00edctimas de una violencia absurda en los \u00faltimos meses.<\/p>\n<p align=\"justify\">Os pido que os un\u00e1is a mi oraci\u00f3n por Siria, para que el di\u00e1logo constructivo sustituya a la terrible violencia.<\/p>\n","protected":false},"excerpt":{"rendered":"<p>El Papa Benedicto XVI, tras su discurso de comienzo de a\u00f1o al Cuerpo Diplom\u00e1tico acreditado ante la Santa Sede, ha enviado desde su cuenta en Twitter estos tres nuevos tuits: Defendamos el derecho a la objeci\u00f3n de conciencia de los individuos y las instituciones, promoviendo la libertad y el respeto de todos. Los nigerianos ocupan &hellip; <a href=\"https:\/\/www.biblia.work\/sermones\/tres-nuevos-tuits-del-papa-benedicto-xvi-7-1-2013-sobre-la-objeccion-de-conciencia-nigeria-y-siria\/\" class=\"more-link\">Continuar leyendo<span class=\"screen-reader-text\"> \u00abTres nuevos tuits del Papa Benedicto XVI (7-1-2013) sobre la objecci\u00f3n de conciencia, Nigeria y Siria\u00bb<\/span><\/a><\/p>\n","protected":false},"author":1,"featured_media":0,"comment_status":"open","ping_status":"closed","sticky":false,"template":"","format":"standard","meta":{"footnotes":""},"categories":[1],"tags":[],"class_list":["post-38498","post","type-post","status-publish","format-standard","hentry","category-general"],"_links":{"self":[{"href":"https:\/\/www.biblia.work\/sermones\/wp-json\/wp\/v2\/posts\/38498","targetHints":{"allow":["GET"]}}],"collection":[{"href":"https:\/\/www.biblia.work\/sermones\/wp-json\/wp\/v2\/posts"}],"about":[{"href":"https:\/\/www.biblia.work\/sermones\/wp-json\/wp\/v2\/types\/post"}],"author":[{"embeddable":true,"href":"https:\/\/www.biblia.work\/sermones\/wp-json\/wp\/v2\/users\/1"}],"replies":[{"embeddable":true,"href":"https:\/\/www.biblia.work\/sermones\/wp-json\/wp\/v2\/comments?post=38498"}],"version-history":[{"count":0,"href":"https:\/\/www.biblia.work\/sermones\/wp-json\/wp\/v2\/posts\/38498\/revisions"}],"wp:attachment":[{"href":"https:\/\/www.biblia.work\/sermones\/wp-json\/wp\/v2\/media?parent=38498"}],"wp:term":[{"taxonomy":"category","embeddable":true,"href":"https:\/\/www.biblia.work\/sermones\/wp-json\/wp\/v2\/categories?post=38498"},{"taxonomy":"post_tag","embeddable":true,"href":"https:\/\/www.biblia.work\/sermones\/wp-json\/wp\/v2\/tags?post=38498"}],"curies":[{"name":"wp","href":"https:\/\/api.w.org\/{rel}","templated":true}]}}