{"id":38499,"date":"2016-06-21T17:58:25","date_gmt":"2016-06-21T22:58:25","guid":{"rendered":"http:\/\/www.biblia.work\/sermones\/el-angelus-del-papa-benedicto-xvi-en-la-fiesta-de-la-epifania-del-senor\/"},"modified":"2016-06-21T17:58:25","modified_gmt":"2016-06-21T22:58:25","slug":"el-angelus-del-papa-benedicto-xvi-en-la-fiesta-de-la-epifania-del-senor","status":"publish","type":"post","link":"https:\/\/www.biblia.work\/sermones\/el-angelus-del-papa-benedicto-xvi-en-la-fiesta-de-la-epifania-del-senor\/","title":{"rendered":"El Angelus del Papa Benedicto XVI en la fiesta de la Epifan\u00eda del Se\u00f1or"},"content":{"rendered":"<p align=\"justify\">El domingo 6 de enero, solemnidad de la Epifan\u00eda del Se\u00f1or, el Santo Padre se ha asomado a la ventana de su estudio para rezar el \u00c1ngelus con los fieles reunidos en la Plaza de San Pedro. El acto comenz\u00f3 con un ligero retraso porque antes el Papa hab\u00eda consagrado cuatro nuevos arzobispos, entre ellos su secretario particular, Georg G\u00e4nswein.<\/p>\n<p align=\"justify\">El Papa empez\u00f3 pidiendo perd\u00f3n a los fieles por el retraso: &#8220;he ordenado cuatro nuevos obispos en la Bas\u00edlica de San Pedro y la ceremonia dur\u00f3 un poco m\u00e1s. Pero, sobre todo, hoy celebramos la Epifan\u00eda del Se\u00f1or, su manifestaci\u00f3n a los gentiles, mientras que muchas Iglesias orientales, seg\u00fan el calendario Juliano, celebran la Navidad. Esta peque\u00f1a diferencia, que superpone los dos momentos, subraya que aquel Ni\u00f1o que naci\u00f3 en la humildad de la cueva de Bel\u00e9n, es la luz del mundo que orienta el camino de todos los pueblos. Es una combinaci\u00f3n que hace pensar tambi\u00e9n desde el punto de vista de la fe: por un lado, en Navidad, delante de Jes\u00fas vemos la fe de Mar\u00eda, de Jos\u00e9 y de los pastores, y hoy, en la Epifan\u00eda, la fe de los tres Reyes Magos, venidos de Oriente para adorar al Rey de los Jud\u00edos.&#8221;<\/p>\n<p align=\"justify\">&#8220;La Virgen Mar\u00eda, junto con su esposo, son la &#8220;estirpe&#8221; de Israel, el &#8220;resto&#8221; anunciado por los profetas del que deb\u00eda germinar el Mes\u00edas. Los Reyes Magos, en cambio, representan a los pueblos, y podemos decir tambi\u00e9n a las civilizaciones, las culturas y las religiones que est\u00e1n en camino hacia Dios, en busca de su reino de paz, de justicia, de verdad y de libertad. Hay primero un n\u00facleo, encarnado sobre todo por Mar\u00eda, la &#8220;hija de Si\u00f3n&#8221;: un n\u00facleo de Israel, el pueblo que conoce y tiene fe en aquel Dios que se ha revelado a los patriarcas y en el camino de la historia. Esta fe llega a su cumplimiento en Mar\u00eda, en la plenitud de los tiempos, en ella, &#8220;bienaventurada porque ha cre\u00eddo&#8221;, el Verbo se hizo carne, Dios ha &#8220;aparecido&#8221; en el mundo. La fe de Mar\u00eda se convierte en la primicia y el modelo de la fe de la Iglesia, Pueblo de la Nueva Alianza. Pero este pueblo es desde el inicio universal, y esto lo vemos hoy en las figuras de los Magos, que llegaron a Bel\u00e9n, siguiendo la luz de una estrella y las indicaciones de las Sagradas Escrituras.&#8221;<\/p>\n<p align=\"justify\">Por \u00faltimo, el Papa se refiri\u00f3 a las ordenaciones episcopales de la ma\u00f1ana: &#8220;dos de los nuevos obispos permanecer\u00e1n al servicio de la Santa Sede, y los otros dos partir\u00e1n para ser representantes pontificios en dos naciones. Oramos por cada uno de ellos, por su ministerio, y para que la luz de Cristo brille en todo el mundo.&#8221;<\/p>\n","protected":false},"excerpt":{"rendered":"<p>El domingo 6 de enero, solemnidad de la Epifan\u00eda del Se\u00f1or, el Santo Padre se ha asomado a la ventana de su estudio para rezar el \u00c1ngelus con los fieles reunidos en la Plaza de San Pedro. El acto comenz\u00f3 con un ligero retraso porque antes el Papa hab\u00eda consagrado cuatro nuevos arzobispos, entre ellos &hellip; <a href=\"https:\/\/www.biblia.work\/sermones\/el-angelus-del-papa-benedicto-xvi-en-la-fiesta-de-la-epifania-del-senor\/\" class=\"more-link\">Continuar leyendo<span class=\"screen-reader-text\"> \u00abEl Angelus del Papa Benedicto XVI en la fiesta de la Epifan\u00eda del Se\u00f1or\u00bb<\/span><\/a><\/p>\n","protected":false},"author":1,"featured_media":0,"comment_status":"open","ping_status":"closed","sticky":false,"template":"","format":"standard","meta":{"footnotes":""},"categories":[1],"tags":[],"class_list":["post-38499","post","type-post","status-publish","format-standard","hentry","category-general"],"_links":{"self":[{"href":"https:\/\/www.biblia.work\/sermones\/wp-json\/wp\/v2\/posts\/38499","targetHints":{"allow":["GET"]}}],"collection":[{"href":"https:\/\/www.biblia.work\/sermones\/wp-json\/wp\/v2\/posts"}],"about":[{"href":"https:\/\/www.biblia.work\/sermones\/wp-json\/wp\/v2\/types\/post"}],"author":[{"embeddable":true,"href":"https:\/\/www.biblia.work\/sermones\/wp-json\/wp\/v2\/users\/1"}],"replies":[{"embeddable":true,"href":"https:\/\/www.biblia.work\/sermones\/wp-json\/wp\/v2\/comments?post=38499"}],"version-history":[{"count":0,"href":"https:\/\/www.biblia.work\/sermones\/wp-json\/wp\/v2\/posts\/38499\/revisions"}],"wp:attachment":[{"href":"https:\/\/www.biblia.work\/sermones\/wp-json\/wp\/v2\/media?parent=38499"}],"wp:term":[{"taxonomy":"category","embeddable":true,"href":"https:\/\/www.biblia.work\/sermones\/wp-json\/wp\/v2\/categories?post=38499"},{"taxonomy":"post_tag","embeddable":true,"href":"https:\/\/www.biblia.work\/sermones\/wp-json\/wp\/v2\/tags?post=38499"}],"curies":[{"name":"wp","href":"https:\/\/api.w.org\/{rel}","templated":true}]}}