{"id":38500,"date":"2016-06-21T17:58:39","date_gmt":"2016-06-21T22:58:39","guid":{"rendered":"http:\/\/www.biblia.work\/sermones\/el-papa-rinde-homenaje-a-la-iglesia-martir-de-camboya\/"},"modified":"2016-06-21T17:58:39","modified_gmt":"2016-06-21T22:58:39","slug":"el-papa-rinde-homenaje-a-la-iglesia-martir-de-camboya","status":"publish","type":"post","link":"https:\/\/www.biblia.work\/sermones\/el-papa-rinde-homenaje-a-la-iglesia-martir-de-camboya\/","title":{"rendered":"El Papa rinde homenaje a la Iglesia m\u00e1rtir de Camboya"},"content":{"rendered":"<p align=\"justify\">Con motivo del Congreso nacional de la Iglesia en Camboya, el Santo Padre ha dirigido un mensaje en el que recuerda &#8220;la fe, el valor y la perseverancia&#8221; de los pastores y fieles cat\u00f3licos durante la \u00e9poca de los jemeres rojos cuando muchos cristianos fueron asesinados. El Congreso se ha desarrollado en Phnom Penh del 5 al 7 de enero y ha tenido como tema &#8220;El Concilio Vaticano II y la Iglesia&#8221;. Publicamos el texto completo del mensaje de Benedicto XVI:<\/p>\n<p align=\"justify\">&#8220;Queridos hermanos y hermanas de Camboya:<\/p>\n<p align=\"justify\">&#8220;Me da mucha alegr\u00eda unirme a vosotros estos d\u00edas con la oraci\u00f3n y el coraz\u00f3n, y poder enviaros un caluroso saludo mientras os reun\u00eds en torno a vuestros pastores para celebrar el cincuentenario de la apertura del Concilio Vaticano II y el vig\u00e9simo aniversario del Catecismo de la Iglesia Cat\u00f3lica. Espero que la traducci\u00f3n en lengua camboyana de los documentos conciliares y del Catecismo que recibir\u00e9is en esta ocasi\u00f3n os permita comprender mejor las ense\u00f1anzas de la Iglesia y crecer en la fe.&#8221;<\/p>\n<p align=\"justify\">&#8220;En este A\u00f1o de la Fe os invito a mantener los ojos fijos en la persona de Jesucristo, que es el origen y el fin de nuestra fe, y reiterar que \u00c9l es la Buena Nueva al mundo de hoy. En \u00c9l, los ejemplos de fe que han marcado nuestra historia encuentran su luz plena. Adem\u00e1s, recordando el tiempo de los des\u00f3rdenes que precipitaron vuestro pa\u00eds en la oscuridad, me gustar\u00eda subrayar c\u00f3mo la fe, el coraje y la perseverancia de vuestros pastores y de vuestros hermanos y hermanas cristianos, de los que muchos de ellos encontraron la muerte, es un noble testimonio rendido a la verdad del Evangelio. Y este testimonio se ha convertido en una fuerza espiritual inestimable para reconstruir la comunidad eclesial en vuestro pa\u00eds. Hoy, el gran n\u00famero de catec\u00famenos y de bautismos de adultos demuestran vuestro dinamismo y son un signo feliz de la presencia activa de Dios en vosotros&#8221;.<\/p>\n<p align=\"justify\">&#8220;Queridos hermanos y hermanas, como el ap\u00f3stol Pablo os exhorto a &#8220;conservar la unidad del Esp\u00edritu con el v\u00ednculo de la paz&#8221;. \u00a1Tened la seguridad de las oraciones de vuestros hermanos y hermanas cuya sangre corri\u00f3 por los arrozales! Sed levadura en la masa de la sociedad, dando testimonio del amor de Cristo hacia todos, construyendo lazos de hermandad con los miembros de otras tradiciones religiosas, y andando por los caminos de la justicia y la misericordia.&#8221;<\/p>\n<p align=\"justify\">&#8220;Queridos j\u00f3venes, amigos m\u00edos, que hab\u00e9is sido bautizados en estos \u00faltimos a\u00f1os, no olvid\u00e9is que la Iglesia es vuestra familia, ella cuenta con vosotros para dar testimonio de la Vida y el Amor que hab\u00e9is encontrado en Jes\u00fas. Rezo por vosotros y os invito a ser disc\u00edpulos generosos de Cristo.&#8221;<\/p>\n<p align=\"justify\">&#8220;Y vosotros, seminaristas y sacerdotes camboyanos, sois el signo de los brotes de la Iglesia que se est\u00e1 construyendo. Vuestra vida entregada y vuestras oraciones son fuente de esperanza, que ellas sean tambi\u00e9n una invitaci\u00f3n a otros j\u00f3venes a dar su vida como sacerdotes seg\u00fan el coraz\u00f3n de Dios.&#8221;<\/p>\n<p align=\"justify\">&#8220;Misioneros, religiosos, religiosas, laicos consagrados venidos de los cinco continentes, sed el hermoso signo de la comuni\u00f3n eclesial en torno a vuestros pastores para que vuestra fraternidad en la diversidad de sus carismas pueden llevar a muchas de las personas que vosotros serv\u00eds y am\u00e1is con celo a reencontrar a Jesucristo.&#8221;<\/p>\n<p align=\"justify\">&#8220;Y a todos los que busc\u00e1is a Dios, \u00a1perseverad y estad seguros de que Cristo os ama y os ofrece su paz!&#8221;<\/p>\n<p align=\"justify\">&#8220;Queridos hermanos y hermanas, pastores y fieles de Camboya, que la Virgen Mar\u00eda, Nuestra Se\u00f1ora del Mekong, en su humildad y fidelidad a la voluntad del Se\u00f1or, os ilumine en este A\u00f1o de la Fe. \u00a1Estad seguros de que os tengo presentes en mi oraci\u00f3n, y con gran cari\u00f1o os transmito a todos una afectuosa Bendici\u00f3n Apost\u00f3lica!&#8221;<\/p>\n","protected":false},"excerpt":{"rendered":"<p>Con motivo del Congreso nacional de la Iglesia en Camboya, el Santo Padre ha dirigido un mensaje en el que recuerda &#8220;la fe, el valor y la perseverancia&#8221; de los pastores y fieles cat\u00f3licos durante la \u00e9poca de los jemeres rojos cuando muchos cristianos fueron asesinados. El Congreso se ha desarrollado en Phnom Penh del &hellip; <a href=\"https:\/\/www.biblia.work\/sermones\/el-papa-rinde-homenaje-a-la-iglesia-martir-de-camboya\/\" class=\"more-link\">Continuar leyendo<span class=\"screen-reader-text\"> \u00abEl Papa rinde homenaje a la Iglesia m\u00e1rtir de Camboya\u00bb<\/span><\/a><\/p>\n","protected":false},"author":1,"featured_media":0,"comment_status":"open","ping_status":"closed","sticky":false,"template":"","format":"standard","meta":{"footnotes":""},"categories":[1],"tags":[],"class_list":["post-38500","post","type-post","status-publish","format-standard","hentry","category-general"],"_links":{"self":[{"href":"https:\/\/www.biblia.work\/sermones\/wp-json\/wp\/v2\/posts\/38500","targetHints":{"allow":["GET"]}}],"collection":[{"href":"https:\/\/www.biblia.work\/sermones\/wp-json\/wp\/v2\/posts"}],"about":[{"href":"https:\/\/www.biblia.work\/sermones\/wp-json\/wp\/v2\/types\/post"}],"author":[{"embeddable":true,"href":"https:\/\/www.biblia.work\/sermones\/wp-json\/wp\/v2\/users\/1"}],"replies":[{"embeddable":true,"href":"https:\/\/www.biblia.work\/sermones\/wp-json\/wp\/v2\/comments?post=38500"}],"version-history":[{"count":0,"href":"https:\/\/www.biblia.work\/sermones\/wp-json\/wp\/v2\/posts\/38500\/revisions"}],"wp:attachment":[{"href":"https:\/\/www.biblia.work\/sermones\/wp-json\/wp\/v2\/media?parent=38500"}],"wp:term":[{"taxonomy":"category","embeddable":true,"href":"https:\/\/www.biblia.work\/sermones\/wp-json\/wp\/v2\/categories?post=38500"},{"taxonomy":"post_tag","embeddable":true,"href":"https:\/\/www.biblia.work\/sermones\/wp-json\/wp\/v2\/tags?post=38500"}],"curies":[{"name":"wp","href":"https:\/\/api.w.org\/{rel}","templated":true}]}}