{"id":38505,"date":"2016-06-21T17:59:07","date_gmt":"2016-06-21T22:59:07","guid":{"rendered":"http:\/\/www.biblia.work\/sermones\/el-cardenal-poupard-enviado-especial-del-papa-a-lyon\/"},"modified":"2016-06-21T17:59:07","modified_gmt":"2016-06-21T22:59:07","slug":"el-cardenal-poupard-enviado-especial-del-papa-a-lyon","status":"publish","type":"post","link":"https:\/\/www.biblia.work\/sermones\/el-cardenal-poupard-enviado-especial-del-papa-a-lyon\/","title":{"rendered":"El cardenal Poupard, enviado especial del Papa a Lyon"},"content":{"rendered":"<p align=\"justify\">Ayer se public\u00f3 una Carta del Santo Padre al cardenal <strong>Paul Poupard<\/strong>, presidente em\u00e9rito del Pontificio Consejo de la Cultura, sobre la celebraci\u00f3n que concluir\u00e1 el a\u00f1o jubilar dedicado a la Venerable Sierva de Dios <strong>Pauline Jaricot<\/strong>, en el 150 aniversario de su muerte y el 50 aniversario del decreto de la heroicidad de sus virtudes. Los actos tendr\u00e1n lugar en Lyon (Francia) el 9 de enero pr\u00f3ximo.<\/p>\n<p align=\"justify\">Asimismo se han dado a conocer los nombres de los miembros de la misi\u00f3n que acompa\u00f1ar\u00e1n al cardenal: Monse\u00f1or <strong>Fran\u00e7ois Duthel<\/strong>, Postulador de la Causa de Beatificaci\u00f3n de la Sierva de Dios Pauline Jaricot, y el Padre <strong>Daniel Carnot<\/strong>, ex Superior General de la Sociedad de las <strong>Misiones Africanas.<\/strong><\/p>\n<p align=\"justify\">&nbsp;<\/p>\n<p align=\"right\">Ciudad del Vaticano, 3 enero 2013 (VIS).-<\/p>\n","protected":false},"excerpt":{"rendered":"<p>Ayer se public\u00f3 una Carta del Santo Padre al cardenal Paul Poupard, presidente em\u00e9rito del Pontificio Consejo de la Cultura, sobre la celebraci\u00f3n que concluir\u00e1 el a\u00f1o jubilar dedicado a la Venerable Sierva de Dios Pauline Jaricot, en el 150 aniversario de su muerte y el 50 aniversario del decreto de la heroicidad de sus &hellip; <a href=\"https:\/\/www.biblia.work\/sermones\/el-cardenal-poupard-enviado-especial-del-papa-a-lyon\/\" class=\"more-link\">Continuar leyendo<span class=\"screen-reader-text\"> \u00abEl cardenal Poupard, enviado especial del Papa a Lyon\u00bb<\/span><\/a><\/p>\n","protected":false},"author":1,"featured_media":0,"comment_status":"open","ping_status":"closed","sticky":false,"template":"","format":"standard","meta":{"footnotes":""},"categories":[1],"tags":[],"class_list":["post-38505","post","type-post","status-publish","format-standard","hentry","category-general"],"_links":{"self":[{"href":"https:\/\/www.biblia.work\/sermones\/wp-json\/wp\/v2\/posts\/38505","targetHints":{"allow":["GET"]}}],"collection":[{"href":"https:\/\/www.biblia.work\/sermones\/wp-json\/wp\/v2\/posts"}],"about":[{"href":"https:\/\/www.biblia.work\/sermones\/wp-json\/wp\/v2\/types\/post"}],"author":[{"embeddable":true,"href":"https:\/\/www.biblia.work\/sermones\/wp-json\/wp\/v2\/users\/1"}],"replies":[{"embeddable":true,"href":"https:\/\/www.biblia.work\/sermones\/wp-json\/wp\/v2\/comments?post=38505"}],"version-history":[{"count":0,"href":"https:\/\/www.biblia.work\/sermones\/wp-json\/wp\/v2\/posts\/38505\/revisions"}],"wp:attachment":[{"href":"https:\/\/www.biblia.work\/sermones\/wp-json\/wp\/v2\/media?parent=38505"}],"wp:term":[{"taxonomy":"category","embeddable":true,"href":"https:\/\/www.biblia.work\/sermones\/wp-json\/wp\/v2\/categories?post=38505"},{"taxonomy":"post_tag","embeddable":true,"href":"https:\/\/www.biblia.work\/sermones\/wp-json\/wp\/v2\/tags?post=38505"}],"curies":[{"name":"wp","href":"https:\/\/api.w.org\/{rel}","templated":true}]}}