{"id":38510,"date":"2016-06-21T17:59:34","date_gmt":"2016-06-21T22:59:34","guid":{"rendered":"http:\/\/www.biblia.work\/sermones\/saludos-en-espanol-del-papa-benedicto-xvi-tras-el-angelus-1-enero-2013-santa-maria-madre-de-dios-dia-mundial-de-la-paz-ano-nuevo\/"},"modified":"2016-06-21T17:59:34","modified_gmt":"2016-06-21T22:59:34","slug":"saludos-en-espanol-del-papa-benedicto-xvi-tras-el-angelus-1-enero-2013-santa-maria-madre-de-dios-dia-mundial-de-la-paz-ano-nuevo","status":"publish","type":"post","link":"https:\/\/www.biblia.work\/sermones\/saludos-en-espanol-del-papa-benedicto-xvi-tras-el-angelus-1-enero-2013-santa-maria-madre-de-dios-dia-mundial-de-la-paz-ano-nuevo\/","title":{"rendered":"Saludos en espa\u00f1ol del Papa Benedicto XVI tras el \u00c1ngelus 1 enero 2013 (Santa Mar\u00eda Madre de Dios, D\u00eda Mundial de la Paz, A\u00f1o Nuevo)"},"content":{"rendered":"<p align=\"justify\">Saludo a los fieles de lengua espa\u00f1ola aqu\u00ed presentes y a cuantos participan en el rezo del \u00c1ngelus a trav\u00e9s de los medios de comunicaci\u00f3n social. En esta solemnidad de Santa Mar\u00eda, Madre de Dios, deseo hacer llegar mi cercan\u00eda espiritual y mi sincero afecto a todos los que, inspirados en la Palabra de Jesucristo, Luz de los pueblos, se esfuerzan por construir un mundo m\u00e1s justo y fraterno, cada vez m\u00e1s digno del hombre, y en el que no haya espacio para la guerra, las enemistades y las discordias.<\/p>\n<p align=\"justify\">Encomiendo esta noble causa a las manos amorosas de la Virgen Sant\u00edsima, Reina de la Paz. \u00a1Feliz a\u00f1o nuevo!<\/p>\n","protected":false},"excerpt":{"rendered":"<p>Saludo a los fieles de lengua espa\u00f1ola aqu\u00ed presentes y a cuantos participan en el rezo del \u00c1ngelus a trav\u00e9s de los medios de comunicaci\u00f3n social. En esta solemnidad de Santa Mar\u00eda, Madre de Dios, deseo hacer llegar mi cercan\u00eda espiritual y mi sincero afecto a todos los que, inspirados en la Palabra de Jesucristo, &hellip; <a href=\"https:\/\/www.biblia.work\/sermones\/saludos-en-espanol-del-papa-benedicto-xvi-tras-el-angelus-1-enero-2013-santa-maria-madre-de-dios-dia-mundial-de-la-paz-ano-nuevo\/\" class=\"more-link\">Continuar leyendo<span class=\"screen-reader-text\"> \u00abSaludos en espa\u00f1ol del Papa Benedicto XVI tras el \u00c1ngelus 1 enero 2013 (Santa Mar\u00eda Madre de Dios, D\u00eda Mundial de la Paz, A\u00f1o Nuevo)\u00bb<\/span><\/a><\/p>\n","protected":false},"author":1,"featured_media":0,"comment_status":"open","ping_status":"closed","sticky":false,"template":"","format":"standard","meta":{"footnotes":""},"categories":[1],"tags":[],"class_list":["post-38510","post","type-post","status-publish","format-standard","hentry","category-general"],"_links":{"self":[{"href":"https:\/\/www.biblia.work\/sermones\/wp-json\/wp\/v2\/posts\/38510","targetHints":{"allow":["GET"]}}],"collection":[{"href":"https:\/\/www.biblia.work\/sermones\/wp-json\/wp\/v2\/posts"}],"about":[{"href":"https:\/\/www.biblia.work\/sermones\/wp-json\/wp\/v2\/types\/post"}],"author":[{"embeddable":true,"href":"https:\/\/www.biblia.work\/sermones\/wp-json\/wp\/v2\/users\/1"}],"replies":[{"embeddable":true,"href":"https:\/\/www.biblia.work\/sermones\/wp-json\/wp\/v2\/comments?post=38510"}],"version-history":[{"count":0,"href":"https:\/\/www.biblia.work\/sermones\/wp-json\/wp\/v2\/posts\/38510\/revisions"}],"wp:attachment":[{"href":"https:\/\/www.biblia.work\/sermones\/wp-json\/wp\/v2\/media?parent=38510"}],"wp:term":[{"taxonomy":"category","embeddable":true,"href":"https:\/\/www.biblia.work\/sermones\/wp-json\/wp\/v2\/categories?post=38510"},{"taxonomy":"post_tag","embeddable":true,"href":"https:\/\/www.biblia.work\/sermones\/wp-json\/wp\/v2\/tags?post=38510"}],"curies":[{"name":"wp","href":"https:\/\/api.w.org\/{rel}","templated":true}]}}