{"id":38511,"date":"2016-06-21T17:59:37","date_gmt":"2016-06-21T22:59:37","guid":{"rendered":"http:\/\/www.biblia.work\/sermones\/el-angelus-del-papa-benedicto-xvi-1-enero-2013-santa-maria-madre-de-dios-y-jornada-mundial-de-la-paz\/"},"modified":"2016-06-21T17:59:37","modified_gmt":"2016-06-21T22:59:37","slug":"el-angelus-del-papa-benedicto-xvi-1-enero-2013-santa-maria-madre-de-dios-y-jornada-mundial-de-la-paz","status":"publish","type":"post","link":"https:\/\/www.biblia.work\/sermones\/el-angelus-del-papa-benedicto-xvi-1-enero-2013-santa-maria-madre-de-dios-y-jornada-mundial-de-la-paz\/","title":{"rendered":"El Angelus del Papa Benedicto XVI, 1 enero 2013 (Santa Mar\u00eda, Madre de Dios, y Jornada Mundial de la Paz)"},"content":{"rendered":"<p align=\"justify\">Feliz a\u00f1o nuevo a todos! En este primer d\u00eda del 2013 quiero hacer llegar a cada hombre y mujer del mundo la bendici\u00f3n de Dios. Lo hago con la antigua f\u00f3rmula contenida en la Sagrada Escritura: \u00abQue el Se\u00f1or te bendiga y te proteja. Que el Se\u00f1or haga brillar su rostro sobre ti y te muestre su gracia. Que el Se\u00f1or te descubra su rostro y te conceda la paz\u00bb (Nm 6,24-26).<\/p>\n<p align=\"justify\">Como la luz y el calor del sol, son una bendici\u00f3n para la tierra, as\u00ed la luz de Dios lo es para la humanidad, cuando \u00c9l hace brillar sobre ella su rostro. Y esto sucedi\u00f3 con el nacimiento de Jesucristo. Dios ha hecho resplandecer para nosotros su rostro: al inicio en modo muy humilde, escondido \u2013en Bel\u00e9n solamente Mar\u00eda y Jos\u00e9 y algunos pastores fueron testigos de esta revelaci\u00f3n-; pero poco a poco, como el sol que del alba llega al mediod\u00eda, la luz de Cristo ha crecido y se h a difundido en todas partes. Desde el breve tiempo de su vida terrena, Jes\u00fas de Nazaret hizo resplandecer el rostro de Dios sobre la Tierra Santa; y luego, mediante la Iglesia animada por su Esp\u00edritu, extendi\u00f3 a todas las gentes el Evangelio de la paz. \u00ab \u00a1Gloria a Dios en las alturas, y en la tierra, paz a los hombres amados por \u00e9l!&#8221;\u00bb (Lc 2,14). Este es el canto de los \u00e1ngeles en Navidad, y es el canto de los cristianos bajo cada cielo; un canto que desde los corazones y los labios pasa mediante gestos concretos, en las acciones del amor que construyen di\u00e1logo, comprensi\u00f3n y reconciliaci\u00f3n.<\/p>\n<p align=\"justify\">Por esto, ocho d\u00edas despu\u00e9s de Navidad, cuando la Iglesia, como la Virgen Madre Mar\u00eda, muestra al mundo a Jes\u00fas reci\u00e9n nacido, Pr\u00edncipe de la Paz, celebramos la Jornada Mundial de la Paz. S\u00ed, aquel Ni\u00f1o, que es el Verbo de Dios hecho carne, vino para traer a los hombres una paz que el mundo no puede dar (cfr Jn 14,27). Su misi\u00f3n es la de romper el \u00abmuro de enemistad que los separaba\u00bb (cfr Ef 2,14). Y cuando a las orillas del lago de Galilea, \u00c9l proclama sus \u00abBienaventuranzas\u00bb, entre estas est\u00e1 tambi\u00e9n \u00abFelices los que trabajan por la paz, porque ser\u00e1n llamados hijos de Dios\u00bb (Mt 5,9). \u00bfQui\u00e9nes son los que trabajan por la paz? Son todos aquellos que, d\u00eda a d\u00eda, buscan de vencer el mal con el bien, con la fuerza de la verdad, con las armas de la oraci\u00f3n y del perd\u00f3n, con el trabajo honesto y bien hecho, con la b\u00fasqueda cient\u00edfica al servicio de la vida, con las obras de misericordia corporal y espiritual. Los que trabajan por la paz son muchos, pero no hacen ruido. Como levadura en la masa, hacen crecer a la humanidad seg\u00fan el dise\u00f1o de Dios.<\/p>\n<p align=\"justify\">En este primer\u00a0Angelus\u00a0del nuevo a\u00f1o, pedimos a Mar\u00eda Sant\u00edsima Madre de Dios, que nos bendiga, como la madre bendice a sus hijos que deben partir de viaje. Un nuevo a\u00f1o es como un viaje: que con la luz y la gracia de Dios, pueda ser un camino de paz para cada hombre y cada familia, para cada Pa\u00eds y para el mundo entero.<\/p>\n<p align=\"justify\">Traducci\u00f3n: Patricia L. J\u00e1uregui Romero \u2013 Radio Vaticano \/ @pjuregui<\/p>\n","protected":false},"excerpt":{"rendered":"<p>Feliz a\u00f1o nuevo a todos! En este primer d\u00eda del 2013 quiero hacer llegar a cada hombre y mujer del mundo la bendici\u00f3n de Dios. Lo hago con la antigua f\u00f3rmula contenida en la Sagrada Escritura: \u00abQue el Se\u00f1or te bendiga y te proteja. Que el Se\u00f1or haga brillar su rostro sobre ti y te &hellip; <a href=\"https:\/\/www.biblia.work\/sermones\/el-angelus-del-papa-benedicto-xvi-1-enero-2013-santa-maria-madre-de-dios-y-jornada-mundial-de-la-paz\/\" class=\"more-link\">Continuar leyendo<span class=\"screen-reader-text\"> \u00abEl Angelus del Papa Benedicto XVI, 1 enero 2013 (Santa Mar\u00eda, Madre de Dios, y Jornada Mundial de la Paz)\u00bb<\/span><\/a><\/p>\n","protected":false},"author":1,"featured_media":0,"comment_status":"open","ping_status":"closed","sticky":false,"template":"","format":"standard","meta":{"footnotes":""},"categories":[1],"tags":[],"class_list":["post-38511","post","type-post","status-publish","format-standard","hentry","category-general"],"_links":{"self":[{"href":"https:\/\/www.biblia.work\/sermones\/wp-json\/wp\/v2\/posts\/38511","targetHints":{"allow":["GET"]}}],"collection":[{"href":"https:\/\/www.biblia.work\/sermones\/wp-json\/wp\/v2\/posts"}],"about":[{"href":"https:\/\/www.biblia.work\/sermones\/wp-json\/wp\/v2\/types\/post"}],"author":[{"embeddable":true,"href":"https:\/\/www.biblia.work\/sermones\/wp-json\/wp\/v2\/users\/1"}],"replies":[{"embeddable":true,"href":"https:\/\/www.biblia.work\/sermones\/wp-json\/wp\/v2\/comments?post=38511"}],"version-history":[{"count":0,"href":"https:\/\/www.biblia.work\/sermones\/wp-json\/wp\/v2\/posts\/38511\/revisions"}],"wp:attachment":[{"href":"https:\/\/www.biblia.work\/sermones\/wp-json\/wp\/v2\/media?parent=38511"}],"wp:term":[{"taxonomy":"category","embeddable":true,"href":"https:\/\/www.biblia.work\/sermones\/wp-json\/wp\/v2\/categories?post=38511"},{"taxonomy":"post_tag","embeddable":true,"href":"https:\/\/www.biblia.work\/sermones\/wp-json\/wp\/v2\/tags?post=38511"}],"curies":[{"name":"wp","href":"https:\/\/api.w.org\/{rel}","templated":true}]}}