{"id":38515,"date":"2016-06-21T17:59:59","date_gmt":"2016-06-21T22:59:59","guid":{"rendered":"http:\/\/www.biblia.work\/sermones\/en-espanol-el-discurso-del-papa-a-los-40-000-jovenes-del-encuentro-europeo-de-jovenes-de-taize\/"},"modified":"2016-06-21T17:59:59","modified_gmt":"2016-06-21T22:59:59","slug":"en-espanol-el-discurso-del-papa-a-los-40-000-jovenes-del-encuentro-europeo-de-jovenes-de-taize","status":"publish","type":"post","link":"https:\/\/www.biblia.work\/sermones\/en-espanol-el-discurso-del-papa-a-los-40-000-jovenes-del-encuentro-europeo-de-jovenes-de-taize\/","title":{"rendered":"En espa\u00f1ol, el discurso del Papa a los 40.000 j\u00f3venes del Encuentro Europeo de J\u00f3venes de Taiz\u00e9"},"content":{"rendered":"<p align=\"justify\">En la tarde de este s\u00e1bado Benedicto XVI presidi\u00f3 en el atrio de la Bas\u00edlica Vaticana un emotivo momento de oraci\u00f3n con los cuarenta mil participantes en el Encuentro Europeo de J\u00f3venes de Taiz\u00e9.<br \/>\n<strong><\/strong><\/p>\n<p align=\"justify\"><strong>Discurso del Santo Padre:\u00a0<\/strong><\/p>\n<p align=\"justify\">\u00a1Gracias querido Hermano Alois, por sus c\u00e1lidas palabras llenas de afecto. Queridos j\u00f3venes, queridos peregrinos de la Confianza, \u00a1bienvenidos a Roma!<\/p>\n<p align=\"justify\">Han venido muy numerosos, de toda Europa y tambi\u00e9n de otros continentes, para orar ante las tumbas de los santos Ap\u00f3stoles Pedro y Pablo. En esta ciudad, en efecto, ambos han derramado su sangre por Cristo. La fe que animaba a estos dos grandes Ap\u00f3stoles de Jes\u00fas es tambi\u00e9n aquella que los ha puesto en camino. Durante el a\u00f1o que est\u00e1 por iniciar, ustedes se proponen liberar las fuentes de la confianza en Dios para vivirlas en lo cotidiano. Me alegro de que, de esta manera, encuentren la intenci\u00f3n del A\u00f1o de la fe iniciado en el mes de octubre.<\/p>\n<p align=\"justify\">Es la cuarta vez que celebran un Encuentro europeo en Roma. En esta ocasi\u00f3n, quiero repetir las palabras que mi predecesor Juan Pablo II hab\u00eda pronunciado a los j\u00f3venes durante su tercer Encuentro en Roma: \u00abEl Papa se siente profundamente comprometido con ustedes en esta peregrinaci\u00f3n de la confianza sobre la tierra\u2026 Tambi\u00e9n yo estoy llamado a ser un peregrino de la confianza en nombre de Cristo\u00bb (30 diciembre 1987).<\/p>\n<p align=\"justify\">Hace poco m\u00e1s de 70 a\u00f1os, el Hermano Roger dio vida a la comunidad de Taiz\u00e9. \u00c9sta sigue viendo venir hacia ella a miles de j\u00f3venes de todo el mundo, en b\u00fasqueda de dar un sentido a sus vidas, los Hermanos los acogen en su oraci\u00f3n y les ofrecen la oportunidad de hacer experiencia de una relaci\u00f3n personal con Dios. Para sostener a estos j\u00f3venes en su camino hacia Cristo, el Hermano Roger tuvo la idea de iniciar una \u00abperegrinaci\u00f3n de la confianza sobre la tierra\u00bb.<\/p>\n<p align=\"justify\">Testigo incansable del Evangelio de la paz y de la reconciliaci\u00f3n, animado por el fuego de un ecumenismo de la santidad, el Hermano Roger alent\u00f3 a todos aquellos que pasan por Taiz\u00e9 para que se conviertan en buscadores de comuni\u00f3n. Lo dije al d\u00eda siguiente de su muerte: \u00abTenemos que escuchar desde dentro su ecumenismo vivido espiritualmente y dejarnos conducir por su testimonio hacia un ecumenismo verdaderamente interiorizado y espiritualizado\u00bb. Siguiendo sus huellas, sean portadores de este mensaje de unidad. Les aseguro el compromiso irrevocable de la Iglesia cat\u00f3lica para proseguir con la b\u00fasqueda de caminos de reconciliaci\u00f3n para llegar a la unidad visible de los cristianos. Y esta tarde quiero saludar con un afecto del todo especial a cuantos, entre ustedes, son ortodoxos o protestantes.<\/p>\n<p align=\"justify\">Hoy Cristo les hace la pregunta que dirigi\u00f3 a sus disc\u00edpulos: \u00abY ustedes, \u00bfqui\u00e9n dicen que soy?\u00bb. A esta pregunta, Pedro, ante cuya tumba nosotros nos encontramos en este momento, respondi\u00f3: \u00abT\u00fa eres el Mes\u00edas, el Hijo de Dios vivo\u00bb (Mt 16,15-16). Y toda su vida fue una respuesta concreta a esta pregunta. Cristo desea recibir tambi\u00e9n de cada uno de ustedes una respuesta que venga no de la obligaci\u00f3n ni del miedo, sino de su profunda libertad. Respondiendo a esta pregunta su vida encontrar\u00e1 su sentido m\u00e1s fuerte. El texto de la Carta de San Juan que acabamos de escuchar nos hace comprender con gran sencillez y en modo sint\u00e9tico c\u00f3mo dar una respuesta: \u00abque creamos en el nombre de su Hijo Jesucristo, y nos amemos los unos a los otros\u00bb (3,23). \u00a1Tener fe y amar a Dios y a los dem\u00e1s! \u00bfQu\u00e9 cosa existe que sea m\u00e1s exaltante? \u00bfQu\u00e9 cosa que sea m\u00e1s bella?<\/p>\n<p align=\"justify\">Durante estos d\u00edas en Roma, pueden dejar crecer en sus corazones este s\u00ed a Cristo, aprovechando especialmente los largos tiempos de silencio que ocupan un lugar central en sus oraciones comunitarias, despu\u00e9s de la escucha de la Palabra de Dios. Esta Palabra, dice la Segunda Carta de Pedro, es \u00abcomo a una l\u00e1mpara que brilla en un lugar oscuro\u00bb, que ustedes hacen bien en guardar hasta que \u00abdespunte el d\u00eda y aparezca el lucero de la ma\u00f1ana en sus corazones\u00bb (1,19). Ustedes ya lo han entendido: si el lucero de la ma\u00f1ana debe surgir en sus corazones es porque no siempre est\u00e1 presente. En ocasiones el mal y el sufrimiento de los inocentes crean en ustedes la duda y la perturbaci\u00f3n. Y el s\u00ed a Cristo puede hacerse dif\u00edcil. \u00a1Pero esta duda no hace de ustedes no creyentes! Jes\u00fas no ha rechazado al hombre del Evangelio que grit\u00f3: \u00abCreo, \u00a1ay\u00fadame porque tengo poca fe!\u00bb (Mc 9,24).<\/p>\n<p align=\"justify\">Porque en este combate ustedes no pierden la confianza, Dios no los deja solos y aislados. El da a todos nosotros la alegr\u00eda y el consuelo de la comuni\u00f3n de la Iglesia. Durante su permanencia en Roma, gracias especialmente a la generosa acogida de tantas parroquias y comunidades religiosas, ustedes est\u00e1n haciendo una nueva experiencia de Iglesia. Al regresar a casa, en sus diversos Pa\u00edses, los invito a descubrir que Dios los hace corresponsables de su Iglesia, en toda la variedad de las vocaciones. Esta comuni\u00f3n que es el Cuerpo de Cristo tiene necesidad de ustedes y ustedes tienen en \u00c9l su propio lugar. A partir de sus dones, de aquello que es espec\u00edfico de cada uno de ustedes, el Esp\u00edritu Santo plasma y hace vivir este misterio de comuni\u00f3n que es la Iglesia, para transmitir la buena noticia del Evangelio al mundo de hoy.<\/p>\n<p align=\"justify\">Con el silencio, el canto ocupa un lugar importante en sus oraciones comunitarias. Los cantos de Taiz\u00e9 llenan en estos d\u00edas las bas\u00edlicas de Roma. El canto es un apoyo y una expresi\u00f3n incomparable de la oraci\u00f3n. Cantando a Cristo, ustedes se abren tambi\u00e9n al misterio de su esperanza. No tengan miedo de preceder la aurora para alabar a Dios. No quedar\u00e1n decepcionados.<\/p>\n<p align=\"justify\">Queridos j\u00f3venes amigos, Cristo no los saca del mundo. Los manda all\u00e1 a donde falta la luz para que la lleven a los dem\u00e1s. S\u00ed, ustedes est\u00e1n llamados a ser peque\u00f1as luces para cuantos los circundan. Con su atenci\u00f3n a una m\u00e1s equitativa repartici\u00f3n de los bienes de la tierra, con el compromiso por la justicia y por una nueva solidaridad humana, ustedes ayudar\u00e1n a cuantos les rodean para comprender mejor c\u00f3mo el Evangelio nos conduce al mismo tiempo hacia Dios y hacia los dem\u00e1s. De este modo, con la fe que tienen contribuir\u00e1n para hacer surgir la confianza sobre tierra.<br \/>\nEst\u00e9n llenos de esperanza. \u00a1Dios los bendiga con sus familiares y amigos!<\/p>\n<p align=\"justify\">Traducci\u00f3n: Patricia L. J\u00e1uregui Romero<\/p>\n","protected":false},"excerpt":{"rendered":"<p>En la tarde de este s\u00e1bado Benedicto XVI presidi\u00f3 en el atrio de la Bas\u00edlica Vaticana un emotivo momento de oraci\u00f3n con los cuarenta mil participantes en el Encuentro Europeo de J\u00f3venes de Taiz\u00e9. Discurso del Santo Padre:\u00a0 \u00a1Gracias querido Hermano Alois, por sus c\u00e1lidas palabras llenas de afecto. Queridos j\u00f3venes, queridos peregrinos de la &hellip; <a href=\"https:\/\/www.biblia.work\/sermones\/en-espanol-el-discurso-del-papa-a-los-40-000-jovenes-del-encuentro-europeo-de-jovenes-de-taize\/\" class=\"more-link\">Continuar leyendo<span class=\"screen-reader-text\"> \u00abEn espa\u00f1ol, el discurso del Papa a los 40.000 j\u00f3venes del Encuentro Europeo de J\u00f3venes de Taiz\u00e9\u00bb<\/span><\/a><\/p>\n","protected":false},"author":1,"featured_media":0,"comment_status":"open","ping_status":"closed","sticky":false,"template":"","format":"standard","meta":{"footnotes":""},"categories":[1],"tags":[],"class_list":["post-38515","post","type-post","status-publish","format-standard","hentry","category-general"],"_links":{"self":[{"href":"https:\/\/www.biblia.work\/sermones\/wp-json\/wp\/v2\/posts\/38515","targetHints":{"allow":["GET"]}}],"collection":[{"href":"https:\/\/www.biblia.work\/sermones\/wp-json\/wp\/v2\/posts"}],"about":[{"href":"https:\/\/www.biblia.work\/sermones\/wp-json\/wp\/v2\/types\/post"}],"author":[{"embeddable":true,"href":"https:\/\/www.biblia.work\/sermones\/wp-json\/wp\/v2\/users\/1"}],"replies":[{"embeddable":true,"href":"https:\/\/www.biblia.work\/sermones\/wp-json\/wp\/v2\/comments?post=38515"}],"version-history":[{"count":0,"href":"https:\/\/www.biblia.work\/sermones\/wp-json\/wp\/v2\/posts\/38515\/revisions"}],"wp:attachment":[{"href":"https:\/\/www.biblia.work\/sermones\/wp-json\/wp\/v2\/media?parent=38515"}],"wp:term":[{"taxonomy":"category","embeddable":true,"href":"https:\/\/www.biblia.work\/sermones\/wp-json\/wp\/v2\/categories?post=38515"},{"taxonomy":"post_tag","embeddable":true,"href":"https:\/\/www.biblia.work\/sermones\/wp-json\/wp\/v2\/tags?post=38515"}],"curies":[{"name":"wp","href":"https:\/\/api.w.org\/{rel}","templated":true}]}}