{"id":38517,"date":"2016-06-21T18:00:07","date_gmt":"2016-06-21T23:00:07","guid":{"rendered":"http:\/\/www.biblia.work\/sermones\/el-belen-de-la-plaza-de-san-pedro-en-el-vaticano\/"},"modified":"2016-06-21T18:00:07","modified_gmt":"2016-06-21T23:00:07","slug":"el-belen-de-la-plaza-de-san-pedro-en-el-vaticano","status":"publish","type":"post","link":"https:\/\/www.biblia.work\/sermones\/el-belen-de-la-plaza-de-san-pedro-en-el-vaticano\/","title":{"rendered":"El Bel\u00e9n de la Plaza de San Pedro en el Vaticano"},"content":{"rendered":"<p align=\"justify\">El Pesebre expuesto en la Plaza de San Pedro, como don del Papa a los fieles y peregrinos de todo el mundo, este a\u00f1o luce de un modo diverso al de los a\u00f1os anteriores.<\/p>\n<p align=\"justify\">En efecto, para esta Navidad el Pesebre que ha sido ambientado a los pies del obelisco vaticano en el espl\u00e9ndido marco de la Columnata de Bernini, ha sido donado por la Regi\u00f3n italiana de Basilicata.<\/p>\n<p align=\"justify\">Interpretando el sentimiento de los municipios lucanos arraigados a la Iglesia Universal y a su Pastor, esta regi\u00f3n ha querido homenajear a Su Santidad Benedicto XVI regalando un pesebre monumental que ha sido realizado por el Maestro Francesco Artese, considerado uno de los m\u00e1s importantes representantes de la escuela meridional de este tipo de representaci\u00f3n.<\/p>\n<p align=\"justify\">La tradici\u00f3n del pesebre, renovada en clave art\u00edstica por la obra de Artese, quien desee hace a\u00f1o expone en sedes prestigiosas el Misterio de la Sagrada Familia con sus valores de sencillez y de fe, se siente de modo particular en tierra lucana come documentan los diversos pesebres permanentes presentes en la regi\u00f3n.<\/p>\n<p align=\"justify\">La caracter\u00edstica de este maestro est\u00e1, precisamente, en proponer el paisaje de las Piedras de Matera entre las escenas de la vida cotidiana de la civilizaci\u00f3n campesina. En efecto, en esta ocasi\u00f3n el Maestro Artese remite a ese paisaje cultural, cuya morfolog\u00eda del territorio recuerda tanto los lugares de Tierra Santa.<\/p>\n<p align=\"justify\">Un paisaje que ha sido enriquecido por la obra de religiosos que eligiendo vivir en ese contexto transformaron aquellos lugares en una morada humana llena de car\u00e1cter sagrado, edificando 154 iglesias rupestres, monasterios y santuarios que desde el Alto Medioevo hasta el siglo XIX delinean la identidad de una vasta \u00e1rea considerada hoy \u201cPatrimonio Mundial de la humanidad\u201d (UNESCO).<\/p>\n<p align=\"justify\">Toda la escenograf\u00eda del Pesebre que ya puede admirarse en la Plaza de San Pedro, si bien se inspira en un g\u00e9nero iconogr\u00e1fico tradicional, est\u00e1 definida por elementos que reproducen la arquitectura y los lugares t\u00edpicos del paisaje lucano. De hecho se reconocen la Iglesia rupestre Convicinio de San Antonio y la de San Nicol\u00e1s de los Griegos. Entre los tejados de las casas se destaca el campanario de San Pedro Barisano, mientras el ambiente humano es el de la antigua civilizaci\u00f3n lucana, la de las manos, basada en los antiguos oficios que se ense\u00f1aban de padre a hijo y que muestra la dimensi\u00f3n laboriosa e frugal.<\/p>\n<p align=\"justify\">Las estatuillas, m\u00e1s de 100, han sido realizadas en terracota, y revestidas a mano con vestimentas t\u00edpicas de los campesinos de aquella \u00e9poca. Ligeramente descentrada hacia la derecha del espectador, aparece la escena de la Natividad elegida por el artista, en que la Sagrada Familia aparece vestida con trajes de la tradici\u00f3n cl\u00e1sica.<\/p>\n<p align=\"justify\">El Pesebre, realizado como es tradici\u00f3n por los Servicios T\u00e9cnicos del Gobernatorato del Estado de la ciudad del Vaticano, tiene una dimensi\u00f3n de casi 150 metros cuadrados.<\/p>\n<p align=\"justify\">El complejo arquitect\u00f3nico de la obra, realizado enteramente en poliestireno recubierto con malta de cemento se apoya sobre una estructura de elementos de metal y madera de la dimensi\u00f3n de una planta de 11 por 13 metros.<\/p>\n<p align=\"justify\">De este modo, toda la estructura resulta elevada por casi un metro con niveles que van de los 6 a los ocho metros. La iluminaci\u00f3n t\u00e9cnica ha sido realizada por el escenogr\u00e1fo Mario Carlo Garrambone, con el objetivo de valorizar a trav\u00e9s de la luz la obra de Artese, mediante la utilizaci\u00f3n de sistemas tecnol\u00f3gicos, t\u00edpicos del \u00e1mbito cinematogr\u00e1fico.<\/p>\n<p align=\"justify\"><em>(Mar\u00eda Fernanda Bernasconi \u2013 RV).<\/em><\/p>\n<p><em><br \/>\n<\/em><\/p>\n","protected":false},"excerpt":{"rendered":"<p>El Pesebre expuesto en la Plaza de San Pedro, como don del Papa a los fieles y peregrinos de todo el mundo, este a\u00f1o luce de un modo diverso al de los a\u00f1os anteriores. En efecto, para esta Navidad el Pesebre que ha sido ambientado a los pies del obelisco vaticano en el espl\u00e9ndido marco &hellip; <a href=\"https:\/\/www.biblia.work\/sermones\/el-belen-de-la-plaza-de-san-pedro-en-el-vaticano\/\" class=\"more-link\">Continuar leyendo<span class=\"screen-reader-text\"> \u00abEl Bel\u00e9n de la Plaza de San Pedro en el Vaticano\u00bb<\/span><\/a><\/p>\n","protected":false},"author":1,"featured_media":0,"comment_status":"open","ping_status":"closed","sticky":false,"template":"","format":"standard","meta":{"footnotes":""},"categories":[1],"tags":[],"class_list":["post-38517","post","type-post","status-publish","format-standard","hentry","category-general"],"_links":{"self":[{"href":"https:\/\/www.biblia.work\/sermones\/wp-json\/wp\/v2\/posts\/38517","targetHints":{"allow":["GET"]}}],"collection":[{"href":"https:\/\/www.biblia.work\/sermones\/wp-json\/wp\/v2\/posts"}],"about":[{"href":"https:\/\/www.biblia.work\/sermones\/wp-json\/wp\/v2\/types\/post"}],"author":[{"embeddable":true,"href":"https:\/\/www.biblia.work\/sermones\/wp-json\/wp\/v2\/users\/1"}],"replies":[{"embeddable":true,"href":"https:\/\/www.biblia.work\/sermones\/wp-json\/wp\/v2\/comments?post=38517"}],"version-history":[{"count":0,"href":"https:\/\/www.biblia.work\/sermones\/wp-json\/wp\/v2\/posts\/38517\/revisions"}],"wp:attachment":[{"href":"https:\/\/www.biblia.work\/sermones\/wp-json\/wp\/v2\/media?parent=38517"}],"wp:term":[{"taxonomy":"category","embeddable":true,"href":"https:\/\/www.biblia.work\/sermones\/wp-json\/wp\/v2\/categories?post=38517"},{"taxonomy":"post_tag","embeddable":true,"href":"https:\/\/www.biblia.work\/sermones\/wp-json\/wp\/v2\/tags?post=38517"}],"curies":[{"name":"wp","href":"https:\/\/api.w.org\/{rel}","templated":true}]}}