{"id":38519,"date":"2016-06-21T18:00:15","date_gmt":"2016-06-21T23:00:15","guid":{"rendered":"http:\/\/www.biblia.work\/sermones\/en-espanol-el-mensaje-urbi-et-orbi-del-papa-benedicto-xvi-para-la-navidad-2012\/"},"modified":"2016-06-21T18:00:15","modified_gmt":"2016-06-21T23:00:15","slug":"en-espanol-el-mensaje-urbi-et-orbi-del-papa-benedicto-xvi-para-la-navidad-2012","status":"publish","type":"post","link":"https:\/\/www.biblia.work\/sermones\/en-espanol-el-mensaje-urbi-et-orbi-del-papa-benedicto-xvi-para-la-navidad-2012\/","title":{"rendered":"En espa\u00f1ol, el mensaje urbi et orbi del Papa Benedicto XVI para la Navidad 2012"},"content":{"rendered":"<p align=\"justify\">\u00ab<em>Veritas de terra orta est<\/em>\u00bb &#8211; \u00abLa verdad ha brotado de la tierra\u00bb (<em>Sal\u00a0<\/em>85,12)<\/p>\n<p align=\"justify\">Queridos hermanos y hermanas de Roma y del mundo entero, feliz Navidad a todos vosotros y vuestras familias.<\/p>\n<p align=\"justify\">Expreso mi felicitaci\u00f3n esta Navidad, en este\u00a0<em>A\u00f1o de la fe<\/em>, con estas palabras tomadas del Salmo: \u00abLa verdad brota de la tierra\u00bb. En realidad, en el texto del Salmo las encontramos en futuro: \u00abLa verdad brotar\u00e1 de la tierra\u00bb; es un anuncio, una promesa, acompa\u00f1ada de otras expresiones que juntas suenan as\u00ed: \u00abLa misericordia y la verdad se encontrar\u00e1n, \/ la justicia y la paz se besar\u00e1n; \/ la verdad brotar\u00e1 de la tierra, \/ y la justicia mirar\u00e1 desde el cielo; \/ el Se\u00f1or nos dar\u00e1 la lluvia, \/ y nuestra tierra dar\u00e1 su fruto. \/ La justicia marchar\u00e1 ante \u00e9l, \/ la salvaci\u00f3n seguir\u00e1 sus pasos\u00bb (<em>Sal<\/em>\u00a085,11-14).<\/p>\n<p align=\"justify\">Hoy, esta palabra prof\u00e9tica se ha cumplido. En Jes\u00fas, nacido en Bel\u00e9n de la Virgen Mar\u00eda, se encuentran realmente la misericordia y la verdad, la justicia y la paz se han besado; la verdad ha brotado de la tierra y la justicia mira desde el cielo. San Agust\u00edn explica con feliz concisi\u00f3n: \u00ab\u00bfQu\u00e9 es la verdad? El Hijo de Dios. \u00bfQu\u00e9 es la tierra? La carne. Investiga de d\u00f3nde naci\u00f3 Cristo, y ver\u00e1s que la verdad naci\u00f3 de la tierra\u2026 la verdad naci\u00f3 de la Virgen Mar\u00eda\u00bb (<em>En. in Ps.<\/em>\u00a084, 13). Y en un serm\u00f3n de Navidad afirma: \u00abCon esta festividad anual celebramos, pues, el d\u00eda en que se cumpli\u00f3 la profec\u00eda: &#8220;La verdad ha brotado de la tierra, y la justicia ha mirado desde el cielo&#8221;. La Verdad que mora en el seno del Padre ha brotado de la tierra para estar tambi\u00e9n en el seno de una madre. La Verdad que contiene al mundo, ha brotado de la tierra para ser llevada por manos de una mujer\u2026 La Verdad a la que no le basta el cielo, ha brotado de la tierra para ser colocada en un pesebre. \u00bfEn bien de qui\u00e9n vino con tanta humildad tan gran excelsitud? Ciertamente, no vino para bien suyo, sino nuestro, a condici\u00f3n de que creamos\u00bb (<em>Serm.<\/em>\u00a0185, 1).<\/p>\n<p align=\"justify\">\u00abA condici\u00f3n de que creamos\u00bb. Ah\u00ed est\u00e1 el poder de la fe. Dios ha hecho todo, ha hecho lo imposible, se ha hecho carne. Su omnipotencia de amor ha realizado lo que va m\u00e1s all\u00e1 de la comprensi\u00f3n humana, el Infinito se ha hecho ni\u00f1o, ha entrado en la humanidad. Y sin embargo, este mismo Dios no puede entrar en mi coraz\u00f3n si yo no le abro la puerta.<\/p>\n<p align=\"justify\"><em>Porta fidei.<\/em>La puerta de la fe. Podr\u00edamos quedar sobrecogidos, ante nuestra omnipotencia a la inversa. Este poder del hombre de cerrarse a Dios puede darnos miedo. Pero he aqu\u00ed la realidad que aleja este pensamiento tenebroso, la esperanza que vence el miedo: la verdad\u00a0<em>ha<\/em>\u00a0<em>brotado.\u00a0<\/em>Dios\u00a0<em>ha nacido.\u00a0<\/em>\u00abLa tierra ha dado su fruto\u00bb (<em>Sal\u00a0<\/em>67,7). S\u00ed, hay una tierra buena, una tierra sana, libre de todo ego\u00edsmo y de toda cerraz\u00f3n. Hay en el mundo una tierra que Dios ha preparado para venir a habitar entre nosotros. Una morada para su presencia en el mundo. Esta tierra existe, y tambi\u00e9n hoy, en 2012, de esta tierra ha brotado la verdad. Por eso hay esperanza en el mundo, una esperanza en la que poder confiar, incluso en los momentos y en las situaciones m\u00e1s dif\u00edciles. La verdad ha brotado trayendo amor, justicia y paz.<\/p>\n<p align=\"justify\">S\u00ed, que la verdad brote para la poblaci\u00f3n de Siria, profundamente herida y dividida por un conflicto que no respeta ni siquiera a los enfermos y cosecha v\u00edctimas inocentes. Una vez m\u00e1s hago un llamamiento para que cese el derramamiento de sangre, se faciliten las ayudas a los pr\u00f3fugos y a los desplazados y, a trav\u00e9s del di\u00e1logo, se alcance una soluci\u00f3n pol\u00edtica al conflicto.<\/p>\n<p align=\"justify\">Que la paz brote en la Tierra donde naci\u00f3 el Redentor, y \u00e9l conceda a israel\u00edes y palestinos la valent\u00eda de poner fin a tantos a\u00f1os de luchas y divisiones, y emprender con decisi\u00f3n la v\u00eda de la negociaci\u00f3n.<\/p>\n<p align=\"justify\">Que en los pa\u00edses del Norte de \u00c1frica, que atraviesan una profunda transici\u00f3n en la b\u00fasqueda de un nuevo futuro \u2013 en particular en Egipto, la amada tierra bendecida por la infancia de Jes\u00fas \u2013 los ciudadanos construyan juntos sociedades basadas en la justicia, el respeto de la libertad y la dignidad de cada persona.<\/p>\n<p align=\"justify\">Que la paz brote en el vasto continente asi\u00e1tico. Que el Ni\u00f1o Jes\u00fas mire con benevolencia a los numerosos pueblos que habitan en aquellas tierras y, de modo especial, a cuantos creen en \u00e9l. Que el Rey de la Paz dirija su mirada a los nuevos dirigentes de la Rep\u00fablica Popular China en el alto cometido que les espera. Expreso mis mejores deseos de que en esta misi\u00f3n se valore la contribuci\u00f3n de las religiones, respetanto a cada una de ellas, de modo que puedan contribuir a la construcci\u00f3n de una sociedad solidaria, para bien de ese noble pueblo y del mundo entero.<\/p>\n<p align=\"justify\">Que la Navidad de Cristo favorezca la vuelta de la paz en Mal\u00ed y de la concordia en Nigeria, donde crueles atentados terroristas contin\u00faan causando v\u00edctimas, particularmente entre los cristianos. Que el Redentor ayude y consuele a los pr\u00f3fugos del Este de la Rep\u00fablica Democr\u00e1tica del Congo y conceda la paz a Kenia, donde sangrientos atentados han golpeado la poblaci\u00f3n civil y los lugares de culto.<\/p>\n<p align=\"justify\">Que el Ni\u00f1o Jes\u00fas bendiga a los numerosos fieles que lo celebran en Latinoam\u00e9rica. Que haga crecer sus virtudes humanas y cristianas, sostenga a cuantos se han visto obligados a emigrar lejos de su familia y de su tierra. Que fortalezca a los gobernantes en su compromiso por el desarrollo y en la lucha contra la criminalidad.<\/p>\n<p align=\"justify\">Queridos hermanos y hermanas, amor y verdad, justicia y paz se han encontrado, se han\u00a0<em>encarnado<\/em>\u00a0en el hombre nacido de Mar\u00eda en Bel\u00e9n. Ese hombre es el Hijo de Dios, es Dios que ha entrado en la historia. Su nacimiento es un brote de vida nueva para toda la humanidad. Que todas las tierras sean una tierra buena, que acoge y hace brotar el amor, la verdad, la justicia y la paz. Feliz Navidad.<\/p>\n<p>[01728-04.01] [Texto original: Italiano]<\/p>\n","protected":false},"excerpt":{"rendered":"<p>\u00abVeritas de terra orta est\u00bb &#8211; \u00abLa verdad ha brotado de la tierra\u00bb (Sal\u00a085,12) Queridos hermanos y hermanas de Roma y del mundo entero, feliz Navidad a todos vosotros y vuestras familias. Expreso mi felicitaci\u00f3n esta Navidad, en este\u00a0A\u00f1o de la fe, con estas palabras tomadas del Salmo: \u00abLa verdad brota de la tierra\u00bb. En &hellip; <a href=\"https:\/\/www.biblia.work\/sermones\/en-espanol-el-mensaje-urbi-et-orbi-del-papa-benedicto-xvi-para-la-navidad-2012\/\" class=\"more-link\">Continuar leyendo<span class=\"screen-reader-text\"> \u00abEn espa\u00f1ol, el mensaje urbi et orbi del Papa Benedicto XVI para la Navidad 2012\u00bb<\/span><\/a><\/p>\n","protected":false},"author":1,"featured_media":0,"comment_status":"open","ping_status":"closed","sticky":false,"template":"","format":"standard","meta":{"footnotes":""},"categories":[1],"tags":[],"class_list":["post-38519","post","type-post","status-publish","format-standard","hentry","category-general"],"_links":{"self":[{"href":"https:\/\/www.biblia.work\/sermones\/wp-json\/wp\/v2\/posts\/38519","targetHints":{"allow":["GET"]}}],"collection":[{"href":"https:\/\/www.biblia.work\/sermones\/wp-json\/wp\/v2\/posts"}],"about":[{"href":"https:\/\/www.biblia.work\/sermones\/wp-json\/wp\/v2\/types\/post"}],"author":[{"embeddable":true,"href":"https:\/\/www.biblia.work\/sermones\/wp-json\/wp\/v2\/users\/1"}],"replies":[{"embeddable":true,"href":"https:\/\/www.biblia.work\/sermones\/wp-json\/wp\/v2\/comments?post=38519"}],"version-history":[{"count":0,"href":"https:\/\/www.biblia.work\/sermones\/wp-json\/wp\/v2\/posts\/38519\/revisions"}],"wp:attachment":[{"href":"https:\/\/www.biblia.work\/sermones\/wp-json\/wp\/v2\/media?parent=38519"}],"wp:term":[{"taxonomy":"category","embeddable":true,"href":"https:\/\/www.biblia.work\/sermones\/wp-json\/wp\/v2\/categories?post=38519"},{"taxonomy":"post_tag","embeddable":true,"href":"https:\/\/www.biblia.work\/sermones\/wp-json\/wp\/v2\/tags?post=38519"}],"curies":[{"name":"wp","href":"https:\/\/api.w.org\/{rel}","templated":true}]}}