{"id":38525,"date":"2016-06-21T18:00:50","date_gmt":"2016-06-21T23:00:50","guid":{"rendered":"http:\/\/www.biblia.work\/sermones\/benedicto-xvi-visita-en-la-carcel-a-paolo-gabriele-le-indulta-y-este-abandona-ya-la-carcel\/"},"modified":"2016-06-21T18:00:50","modified_gmt":"2016-06-21T23:00:50","slug":"benedicto-xvi-visita-en-la-carcel-a-paolo-gabriele-le-indulta-y-este-abandona-ya-la-carcel","status":"publish","type":"post","link":"https:\/\/www.biblia.work\/sermones\/benedicto-xvi-visita-en-la-carcel-a-paolo-gabriele-le-indulta-y-este-abandona-ya-la-carcel\/","title":{"rendered":"Benedicto XVI visita en la c\u00e1rcel a Paolo Gabriele, le indulta y este abandona ya la c\u00e1rcel"},"content":{"rendered":"<p align=\"justify\">TEXTO OFICIAL DE LA SECRETAR\u00cdA DE ESTADO DE LA SANTA SEDE, s\u00e1bado 22 de diciembre de 2012<\/p>\n<p align=\"justify\">\u201cEsta ma\u00f1ana el Santo Padre Benedicto XVI visit\u00f3 en la c\u00e1rcel al Sr. Pablo Gabriel, para confirmarle su perd\u00f3n y decirle en persona que ha aceptado \u00a0su petici\u00f3n de gracia, condon\u00e1ndole la pena que le ha sido impuesta.<\/p>\n<p align=\"justify\">Ha sido un gesto paternal hacia una persona con la que el Papa ha compartido desde hace algunos a\u00f1os vida familiar.<\/p>\n<p align=\"justify\">Posteriormente, el se\u00f1or Gabriele ha sido liberado y ha regresado a su casa.<\/p>\n<p align=\"justify\">A pesar de que no puede reanudar los trabajos anteriores y continuar residiendo en el Vaticano, la Santa Sede, confiando en la sinceridad del arrepentimiento que manifiesta, le ofrecer\u00e1 la oportunidad de reemprender con serenidad la vida junto a su familia&#8221;.<\/p>\n","protected":false},"excerpt":{"rendered":"<p>TEXTO OFICIAL DE LA SECRETAR\u00cdA DE ESTADO DE LA SANTA SEDE, s\u00e1bado 22 de diciembre de 2012 \u201cEsta ma\u00f1ana el Santo Padre Benedicto XVI visit\u00f3 en la c\u00e1rcel al Sr. Pablo Gabriel, para confirmarle su perd\u00f3n y decirle en persona que ha aceptado \u00a0su petici\u00f3n de gracia, condon\u00e1ndole la pena que le ha sido impuesta. &hellip; <a href=\"https:\/\/www.biblia.work\/sermones\/benedicto-xvi-visita-en-la-carcel-a-paolo-gabriele-le-indulta-y-este-abandona-ya-la-carcel\/\" class=\"more-link\">Continuar leyendo<span class=\"screen-reader-text\"> \u00abBenedicto XVI visita en la c\u00e1rcel a Paolo Gabriele, le indulta y este abandona ya la c\u00e1rcel\u00bb<\/span><\/a><\/p>\n","protected":false},"author":1,"featured_media":0,"comment_status":"open","ping_status":"closed","sticky":false,"template":"","format":"standard","meta":{"footnotes":""},"categories":[1],"tags":[],"class_list":["post-38525","post","type-post","status-publish","format-standard","hentry","category-general"],"_links":{"self":[{"href":"https:\/\/www.biblia.work\/sermones\/wp-json\/wp\/v2\/posts\/38525","targetHints":{"allow":["GET"]}}],"collection":[{"href":"https:\/\/www.biblia.work\/sermones\/wp-json\/wp\/v2\/posts"}],"about":[{"href":"https:\/\/www.biblia.work\/sermones\/wp-json\/wp\/v2\/types\/post"}],"author":[{"embeddable":true,"href":"https:\/\/www.biblia.work\/sermones\/wp-json\/wp\/v2\/users\/1"}],"replies":[{"embeddable":true,"href":"https:\/\/www.biblia.work\/sermones\/wp-json\/wp\/v2\/comments?post=38525"}],"version-history":[{"count":0,"href":"https:\/\/www.biblia.work\/sermones\/wp-json\/wp\/v2\/posts\/38525\/revisions"}],"wp:attachment":[{"href":"https:\/\/www.biblia.work\/sermones\/wp-json\/wp\/v2\/media?parent=38525"}],"wp:term":[{"taxonomy":"category","embeddable":true,"href":"https:\/\/www.biblia.work\/sermones\/wp-json\/wp\/v2\/categories?post=38525"},{"taxonomy":"post_tag","embeddable":true,"href":"https:\/\/www.biblia.work\/sermones\/wp-json\/wp\/v2\/tags?post=38525"}],"curies":[{"name":"wp","href":"https:\/\/api.w.org\/{rel}","templated":true}]}}