{"id":38527,"date":"2016-06-21T18:00:58","date_gmt":"2016-06-21T23:00:58","guid":{"rendered":"http:\/\/www.biblia.work\/sermones\/navidades-mas-austeras-tambien-en-el-vaticano\/"},"modified":"2016-06-21T18:00:58","modified_gmt":"2016-06-21T23:00:58","slug":"navidades-mas-austeras-tambien-en-el-vaticano","status":"publish","type":"post","link":"https:\/\/www.biblia.work\/sermones\/navidades-mas-austeras-tambien-en-el-vaticano\/","title":{"rendered":"Navidades m\u00e1s austeras tambi\u00e9n en el Vaticano"},"content":{"rendered":"<p align=\"justify\">Austeridad, en consonancia no s\u00f3lo con los tiempos sino tambi\u00e9n con la imagen de credibilidad que, por principio, debe dar la Iglesia. El Nacimiento apenas inaugurado en la plaza de san Pedro del Vaticano ha supuesto para las arcas vaticanas s\u00f3lo un gasto de 21.800 euros de mano de obra, con un ahorro de 180.000 euros, gracias al patrocinio de la regi\u00f3n de la Basilicata y de sus empresarios, que han ofrecido estatuillas por valor de 90.000 euros. En todo caso, un Bel\u00e9n de m\u00e1s bajo coste que a\u00f1os anteriores.<\/p>\n<p align=\"justify\">Conviene recordar que el esc\u00e1ndalo \u201cVatileaks\u201d parti\u00f3 de una denuncia sobre el supuesto despilfarro en el Gobernatorado de la Ciudad del Vaticano, vertida en la famosa carta al Papa dirigida por Carlo Maria Vigan\u00f3, quien pon\u00eda como ejemplo el Bel\u00e9n de la plaza de San Pedro, que cost\u00f3 en 2009 \u201c550.000 euros\u201d, y 300.000 el a\u00f1o siguiente.<\/p>\n<p align=\"justify\">Por su parte, el cardenal Tarcisio Bertone, Secretario de Estado, ha presentado el nuevo reglamento de la Prefectura de Asuntos Econ\u00f3micos de la Santa Sede (creada por Pablo VI), con el que se pretende \u201cadecuarse a las normas internacionales de control financiero\u201d, as\u00ed como un mayor control de los gastos de diversos dicasterios de la Curia romana, siguiendo las normas con las que se cre\u00f3. Seg\u00fan el cardenal Bertone, \u201cla Prefectura de Asuntos Econ\u00f3micos se coloca como un ente superior a las administraciones vaticanas particulares, en relaci\u00f3n directa con la Secretar\u00eda de Estado, con la cual deber\u00e1 \u00a0coordinar las l\u00edneas de acci\u00f3n y programaci\u00f3n\u201d.<\/p>\n<p align=\"justify\">&nbsp;<\/p>\n<p align=\"justify\">Se impone la reducci\u00f3n del gasto, visto el d\u00e9ficit consolidado del presupuesto del 2011 (15 millones de euros), para impedir la decisi\u00f3n indeseable mandar a casa a algunos de los 2.832 empleados de la Santa Sede, adem\u00e1s de los 1.887 del Estado de la Ciudad del Vaticano.<\/p>\n","protected":false},"excerpt":{"rendered":"<p>Austeridad, en consonancia no s\u00f3lo con los tiempos sino tambi\u00e9n con la imagen de credibilidad que, por principio, debe dar la Iglesia. El Nacimiento apenas inaugurado en la plaza de san Pedro del Vaticano ha supuesto para las arcas vaticanas s\u00f3lo un gasto de 21.800 euros de mano de obra, con un ahorro de 180.000 &hellip; <a href=\"https:\/\/www.biblia.work\/sermones\/navidades-mas-austeras-tambien-en-el-vaticano\/\" class=\"more-link\">Continuar leyendo<span class=\"screen-reader-text\"> \u00abNavidades m\u00e1s austeras tambi\u00e9n en el Vaticano\u00bb<\/span><\/a><\/p>\n","protected":false},"author":1,"featured_media":0,"comment_status":"open","ping_status":"closed","sticky":false,"template":"","format":"standard","meta":{"footnotes":""},"categories":[1],"tags":[],"class_list":["post-38527","post","type-post","status-publish","format-standard","hentry","category-general"],"_links":{"self":[{"href":"https:\/\/www.biblia.work\/sermones\/wp-json\/wp\/v2\/posts\/38527","targetHints":{"allow":["GET"]}}],"collection":[{"href":"https:\/\/www.biblia.work\/sermones\/wp-json\/wp\/v2\/posts"}],"about":[{"href":"https:\/\/www.biblia.work\/sermones\/wp-json\/wp\/v2\/types\/post"}],"author":[{"embeddable":true,"href":"https:\/\/www.biblia.work\/sermones\/wp-json\/wp\/v2\/users\/1"}],"replies":[{"embeddable":true,"href":"https:\/\/www.biblia.work\/sermones\/wp-json\/wp\/v2\/comments?post=38527"}],"version-history":[{"count":0,"href":"https:\/\/www.biblia.work\/sermones\/wp-json\/wp\/v2\/posts\/38527\/revisions"}],"wp:attachment":[{"href":"https:\/\/www.biblia.work\/sermones\/wp-json\/wp\/v2\/media?parent=38527"}],"wp:term":[{"taxonomy":"category","embeddable":true,"href":"https:\/\/www.biblia.work\/sermones\/wp-json\/wp\/v2\/categories?post=38527"},{"taxonomy":"post_tag","embeddable":true,"href":"https:\/\/www.biblia.work\/sermones\/wp-json\/wp\/v2\/tags?post=38527"}],"curies":[{"name":"wp","href":"https:\/\/api.w.org\/{rel}","templated":true}]}}