{"id":38528,"date":"2016-06-21T18:01:02","date_gmt":"2016-06-21T23:01:02","guid":{"rendered":"http:\/\/www.biblia.work\/sermones\/el-papa-en-twitter-dos-millones-y-medio-de-seguidores-de-ellos-465-000-en-el-canal-en-espanol\/"},"modified":"2016-06-21T18:01:02","modified_gmt":"2016-06-21T23:01:02","slug":"el-papa-en-twitter-dos-millones-y-medio-de-seguidores-de-ellos-465-000-en-el-canal-en-espanol","status":"publish","type":"post","link":"https:\/\/www.biblia.work\/sermones\/el-papa-en-twitter-dos-millones-y-medio-de-seguidores-de-ellos-465-000-en-el-canal-en-espanol\/","title":{"rendered":"El Papa en Twitter: dos millones y medio de seguidores, de ellos 465.000 en el canal en espa\u00f1ol"},"content":{"rendered":"<p align=\"justify\">El n\u00famero de seguidores desde la apertura de la cuenta, el pasado 3 de diciembre, supera ya los dos millones y medio, siendo el ingl\u00e9s el idioma m\u00e1s seguido, con 1.200.000 seguidores. El espa\u00f1ol ocupa el segundo puesto, con 465.000 seguidores.\u00a0<\/p>\n<p align=\"justify\">Benedicto XVI ha entrado con el mejor pie en el mundo de la comunicaci\u00f3n digital, y el pasado 20 de diciembre lanzaba dos nuevos mensajes v\u00eda Twitter. Con el primer mensaje circulaba por todo el mundo la foto del Papa Ratzinger, frente al transmisor digital, imagen de un hombre sabio con la sorpresa e ingenuidad propia de un ni\u00f1o frente a un juguete, la ma\u00f1ana de Reyes.<br \/>\nPero no se trata de un juguete. El Pont\u00edfice \u201cha deseado estar ah\u00ed, donde los hombres habitan, y permanecer junto a ellos con palabras de verdad\u201d, declaraba a Radio Vaticano el presidente del Pontificio Consejo para las Comunicaciones Sociales, Claudio Maria Celli.<\/p>\n","protected":false},"excerpt":{"rendered":"<p>El n\u00famero de seguidores desde la apertura de la cuenta, el pasado 3 de diciembre, supera ya los dos millones y medio, siendo el ingl\u00e9s el idioma m\u00e1s seguido, con 1.200.000 seguidores. El espa\u00f1ol ocupa el segundo puesto, con 465.000 seguidores.\u00a0 Benedicto XVI ha entrado con el mejor pie en el mundo de la comunicaci\u00f3n &hellip; <a href=\"https:\/\/www.biblia.work\/sermones\/el-papa-en-twitter-dos-millones-y-medio-de-seguidores-de-ellos-465-000-en-el-canal-en-espanol\/\" class=\"more-link\">Continuar leyendo<span class=\"screen-reader-text\"> \u00abEl Papa en Twitter: dos millones y medio de seguidores, de ellos 465.000 en el canal en espa\u00f1ol\u00bb<\/span><\/a><\/p>\n","protected":false},"author":1,"featured_media":0,"comment_status":"open","ping_status":"closed","sticky":false,"template":"","format":"standard","meta":{"footnotes":""},"categories":[1],"tags":[],"class_list":["post-38528","post","type-post","status-publish","format-standard","hentry","category-general"],"_links":{"self":[{"href":"https:\/\/www.biblia.work\/sermones\/wp-json\/wp\/v2\/posts\/38528","targetHints":{"allow":["GET"]}}],"collection":[{"href":"https:\/\/www.biblia.work\/sermones\/wp-json\/wp\/v2\/posts"}],"about":[{"href":"https:\/\/www.biblia.work\/sermones\/wp-json\/wp\/v2\/types\/post"}],"author":[{"embeddable":true,"href":"https:\/\/www.biblia.work\/sermones\/wp-json\/wp\/v2\/users\/1"}],"replies":[{"embeddable":true,"href":"https:\/\/www.biblia.work\/sermones\/wp-json\/wp\/v2\/comments?post=38528"}],"version-history":[{"count":0,"href":"https:\/\/www.biblia.work\/sermones\/wp-json\/wp\/v2\/posts\/38528\/revisions"}],"wp:attachment":[{"href":"https:\/\/www.biblia.work\/sermones\/wp-json\/wp\/v2\/media?parent=38528"}],"wp:term":[{"taxonomy":"category","embeddable":true,"href":"https:\/\/www.biblia.work\/sermones\/wp-json\/wp\/v2\/categories?post=38528"},{"taxonomy":"post_tag","embeddable":true,"href":"https:\/\/www.biblia.work\/sermones\/wp-json\/wp\/v2\/tags?post=38528"}],"curies":[{"name":"wp","href":"https:\/\/api.w.org\/{rel}","templated":true}]}}