{"id":38530,"date":"2016-06-21T18:01:16","date_gmt":"2016-06-21T23:01:16","guid":{"rendered":"http:\/\/www.biblia.work\/sermones\/familia-dialogo-nueva-evangelizacion-temas-centrales-del-discurso-a-la-curia-de-benedicto-xvi\/"},"modified":"2016-06-21T18:01:16","modified_gmt":"2016-06-21T23:01:16","slug":"familia-dialogo-nueva-evangelizacion-temas-centrales-del-discurso-a-la-curia-de-benedicto-xvi","status":"publish","type":"post","link":"https:\/\/www.biblia.work\/sermones\/familia-dialogo-nueva-evangelizacion-temas-centrales-del-discurso-a-la-curia-de-benedicto-xvi\/","title":{"rendered":"Familia, di\u00e1logo, nueva evangelizaci\u00f3n, temas centrales del discurso a la Curia de Benedicto XVI"},"content":{"rendered":"<p align=\"justify\">El Santo Padre ha recibido esta ma\u00f1ana a los cardenales, los miembros de la Curia Romana y de la Gobernaci\u00f3n del Estado de la Ciudad del Vaticano, para el tradicional intercambio de felicitaciones de Navidad y A\u00f1o Nuevo. En nombre de los presentes, el cardenal Angelo Sodano, decano del Colegio Cardenalicio, felicit\u00f3 al Pont\u00edfice.<\/p>\n<p align=\"justify\">Ofrecemos a continuaci\u00f3n amplios fragmentos del discurso pronunciado por Benedicto XVI<\/p>\n<p align=\"justify\">\u201cEstamos terminando un a\u00f1o que, una vez m\u00e1s, se ha caracterizado en la Iglesia y en el mundo por muchas situaciones dif\u00edciles, de grandes cuestiones y desaf\u00edos, pero tambi\u00e9n de signos de esperanza. Menciono s\u00f3lo algunos puntos destacados en la vida de la Iglesia y de mi ministerio petrino. Ante todo (&#8230;) han tenido lugar los viajes a M\u00e9xico y Cuba. Han sido encuentros inolvidables, con la fuerza de la fe, profundamente arraigada en los corazones de los hombres, y con la alegr\u00eda por la vida que surge de la fe\u201d.<\/p>\n<p align=\"justify\"><strong>Acontecimientos 2013<\/strong><\/p>\n<p align=\"justify\">(\u201cEn) M\u00e9xico (&#8230;) recuerdo c\u00f3mo la gran liturgia en las cercan\u00edas de la estatua de Cristo Rey se convirti\u00f3 en un acto que hac\u00eda presente la realeza de Cristo, su paz, su justicia, su verdad. Todo esto en el contexto de los problemas de un pa\u00eds que sufre m\u00faltiples formas de violencia y las dificultades de dependencias econ\u00f3micas. Ciertamente, estos problemas no se pueden resolver simplemente mediante la religiosidad, pero menos a\u00fan se solucionar\u00e1n sin esa purificaci\u00f3n interior del coraz\u00f3n que proviene de la fuerza de la fe, del encuentro con Jesucristo. Y despu\u00e9s vino la experiencia de Cuba. Tambi\u00e9n aqu\u00ed hubo grandes liturgias, en cuyos cantos, oraciones y silencios se pod\u00eda percibir la presencia de Aquel, al que durante mucho tiempo se hab\u00eda querido negar cabida en el Pa\u00eds. La b\u00fasqueda en este Pa\u00eds de un justo planteamiento de la relaci\u00f3n entre vinculaciones y libertad, ciertamente no puede tener \u00e9xito sin una referencia a esos criterios de fondo que se han manifestado a la humanidad en el encuentro con el Dios de Jesucristo\u201d.<\/p>\n<p align=\"justify\">\u201cOtras etapas del a\u00f1o que se acerca a su fin, y que quisiera mencionar, son la gran Fiesta de la Familia en Mil\u00e1n, as\u00ed como la visita al L\u00edbano, con la entrega de la Exhortaci\u00f3n Apost\u00f3lica postsinodal, que ahora deber\u00e1 constituir en la vida de la Iglesia y de la sociedad en Medio Oriente una orientaci\u00f3n sobre los dif\u00edciles caminos de la unidad y de la paz. El \u00faltimo acontecimiento importante de este a\u00f1o, ya en su ocaso, ha sido el S\u00ednodo sobre la Nueva Evangelizaci\u00f3n, que ha marcado al mismo tiempo el comienzo del A\u00f1o de la Fe, con el cual conmemoramos la inauguraci\u00f3n del Concilio Vaticano II, hace cincuenta a\u00f1os, para comprenderlo y asimilarlo de nuevo en esta situaci\u00f3n que ha cambiado\u201d<\/p>\n<p align=\"justify\"><strong>Familia<\/strong><\/p>\n<p align=\"justify\">\u201cLa gran alegr\u00eda con la que se han reunido en Mil\u00e1n familias de todo el mundo ha puesto de manifiesto que, a pesar de las impresiones contrarias, la familia es fuerte y viva tambi\u00e9n hoy. Sin embargo, es innegable la crisis que la amenaza en sus fundamentos, especialmente en el mundo occidental (&#8230;)Los desaf\u00edos en este contexto son complejos. Tenemos en primer lugar la cuesti\u00f3n sobre la capacidad del hombre de comprometerse, o bien de su carencia de compromisos. (&#8230;) El rechazo de la vinculaci\u00f3n humana, que se difunde cada vez m\u00e1s a causa de una err\u00f3nea comprensi\u00f3n de la libertad y la autorrealizaci\u00f3n, y tambi\u00e9n por eludir el soportar pacientemente el sufrimiento, significa que el hombre permanece encerrado en s\u00ed mismo y, en \u00faltima instancia, conserva el propio \u201cyo\u201d para s\u00ed mismo, no lo supera verdaderamente (&#8230;) Con el rechazo de estos lazos desaparecen tambi\u00e9n las figuras fundamentales de la existencia humana: el padre, la madre, el hijo; decaen dimensiones esenciales de la experiencia de ser persona humana\u201d<\/p>\n<p align=\"justify\">\u201cEl gran rabino de Francia, Gilles Bernheim, en un tratado cuidadosamente documentado y profundamente conmovedor, ha mostrado que el atentado, al que hoy estamos expuestos, a la aut\u00e9ntica forma de la familia, compuesta por padre, madre e hijo, tiene una dimensi\u00f3n a\u00fan m\u00e1s profunda. Si hasta ahora hab\u00edamos visto como causa de la crisis de la familia un malentendido de la esencia de la libertad humana, ahora se ve claro que aqu\u00ed est\u00e1 en juego la visi\u00f3n del ser mismo, de lo que significa realmente ser hombres. Cita una afirmaci\u00f3n que se ha hecho famosa de Simone de Beauvoir: \u201cMujer no se nace, se hace\u201d (\u201cOn ne na\u00eet pas femme, on le devient\u201d). En estas palabras se expresa la base de lo que hoy se presenta bajo el lema \u201cgender\u201d como una nueva filosof\u00eda de la sexualidad. Seg\u00fan esta filosof\u00eda, el sexo ya no es un dato originario de la naturaleza, que el hombre debe aceptar y llenar personalmente de sentido, sino un papel social del que se decide aut\u00f3nomamente, mientras que hasta ahora era la sociedad la que decid\u00eda (&#8230;) El hombre niega tener una naturaleza preconstituida por su corporeidad, que caracteriza al ser humano. Niega la propia naturaleza y decide que \u00e9sta no se le ha dado como hecho prestablecido, sino que es \u00e9l mismo quien se la debe crear. Seg\u00fan el relato b\u00edblico de la creaci\u00f3n, el haber sido creada por Dios como var\u00f3n y mujer pertenece a la esencia de la criatura humana. Esta dualidad es esencial para el ser humano, tal como Dios la ha dado. Precisamente esta dualidad como dato originario es lo que se impugna (&#8230;) El hombre niega su propia naturaleza. Ahora \u00e9l es s\u00f3lo esp\u00edritu y voluntad. La manipulaci\u00f3n de la naturaleza, que hoy deploramos por lo que se refiere al medio ambiente, se convierte aqu\u00ed en la opci\u00f3n de fondo del hombre respecto a s\u00ed mismo (&#8230;) Se niega a hombres y mujeres su exigencia creacional de ser formas de la persona humana que se integran mutuamente. Ahora bien, si no existe la dualidad de hombre y mujer como dato de la creaci\u00f3n, entonces tampoco existe la familia como realidad prestablecida por la creaci\u00f3n. Pero, en este caso, tambi\u00e9n la prole ha perdido el puesto que hasta ahora le correspond\u00eda y la particular dignidad que le es propia. Bernheim muestra c\u00f3mo \u00e9sta, de sujeto jur\u00eddico de por s\u00ed, se convierte ahora necesariamente en objeto, al cual se tiene derecho y que, como objeto de un derecho, se puede adquirir. All\u00ed donde la libertad de hacer se convierte en libertad de hacerse por uno mismo, se llega necesariamente a negar al Creador mismo y, con ello, tambi\u00e9n el hombre como criatura de Dios, como imagen de Dios, queda finalmente degradado en la esencia de su ser\u201d.<\/p>\n<p align=\"justify\"><strong>Di\u00e1logo<\/strong><\/p>\n<p align=\"justify\">\u201cCon esto quisiera llegar al segundo gran tema(&#8230;) es decir, la cuesti\u00f3n del di\u00e1logo y del anuncio. Hablemos primero del di\u00e1logo. Veo sobre todo tres campos de di\u00e1logo para la Iglesia en nuestro tiempo, en los cuales ella debe estar presente en la lucha por el hombre y por lo que significa ser persona humana: el di\u00e1logo con los Estados, el di\u00e1logo con la sociedad \u2013 incluyendo en \u00e9l el di\u00e1logo con las culturas y la ciencia \u2013 y el di\u00e1logo con las religiones. En todos estos di\u00e1logos, la Iglesia habla desde la luz que le ofrece la fe. Pero encarna al mismo tiempo la memoria de la humanidad, que desde los comienzos y en el transcurso de los tiempos es memoria de las experiencias y sufrimientos de la humanidad (&#8230;) La cultura de lo humano, de la que ella se hace valedora, ha nacido y se ha desarrollado a partir del encuentro entre la revelaci\u00f3n de Dios y la existencia humana. La Iglesia representa la memoria de ser hombres ante una cultura del olvido, que ya s\u00f3lo conoce a s\u00ed misma y su propio criterio de medida. Pero, as\u00ed como una persona sin memoria ha perdido su propia identidad, tambi\u00e9n una humanidad sin memoria perder\u00eda su identidad. (&#8230;)En el di\u00e1logo con el Estado y la sociedad, la Iglesia no tiene ciertamente soluciones ya hechas para cada uno de los problemas. Se esforzar\u00e1 junto con otras fuerzas sociales para las respuestas que se adapten mejor a la medida correcta del ser humano. Lo que ella ha reconocido como valores fundamentales, constitutivos y no negociables de la existencia humana, lo debe defender con la m\u00e1xima claridad. Ha de hacer todo lo posible para crear una convicci\u00f3n que se pueda concretar despu\u00e9s en acci\u00f3n pol\u00edtica\u201d.<\/p>\n<p align=\"justify\">\u201cEn la situaci\u00f3n actual de la humanidad, el di\u00e1logo de las religiones es una condici\u00f3n necesaria para la paz en el mundo y, por tanto, es un deber para los cristianos, y tambi\u00e9n para las otras comunidades religiosas. Este di\u00e1logo de las religiones tiene diversas dimensiones. Ser\u00e1 en primer lugar un simple di\u00e1logo de la vida, un di\u00e1logo sobre el compartir pr\u00e1ctico. En \u00e9l no se hablar\u00e1 de los grandes temas de la fe: si Dios es trinitario, o c\u00f3mo ha de entenderse la inspiraci\u00f3n de las Sagradas Escrituras, etc. Se trata de los problemas concretos de la convivencia y de la responsabilidad com\u00fan respecto a la sociedad, al Estado, a la humanidad. En esto hay que aprender a aceptar al otro en su diferente modo de ser y pensar. Para ello, es necesario establecer como criterio de fondo del coloquio la responsabilidad com\u00fan ante la justicia y la paz. Un di\u00e1logo en el que se trata sobre la paz y la justicia se convierte por s\u00ed mismo, m\u00e1s all\u00e1 de lo meramente pragm\u00e1tico, en un debate \u00e9tico acerca de la verdad y el ser humano; un di\u00e1logo acerca de las valoraciones que son el presupuesto del todo (&#8230;)As\u00ed, estos esfuerzos pueden significar tambi\u00e9n pasos comunes hacia la \u00fanica verdad, sin cambiar las opciones de fondo. Si ambas partes est\u00e1n impulsadas por una hermen\u00e9utica de la justicia y de la paz, no desaparecer\u00e1 la diferencia de fondo, pero crecer\u00e1 tambi\u00e9n una cercan\u00eda m\u00e1s profunda entre ellas.<\/p>\n<p align=\"justify\">\u201cHay dos reglas para la esencia del di\u00e1logo interreligioso que, por lo general, hoy se consideran fundamentales: 1) El di\u00e1logo no se dirige a la conversi\u00f3n, sino m\u00e1s bien a la comprensi\u00f3n. En esto se distingue de la evangelizaci\u00f3n, de la misi\u00f3n. 2)En conformidad con esto, en este di\u00e1logo, ambas partes permanecen conscientemente en su propia identidad, que no ponen en cuesti\u00f3n en el di\u00e1logo, ni para ellas, ni para los otros.\u201d.<\/p>\n<p align=\"justify\">\u201cS\u00ed, el di\u00e1logo no tiene como objetivo la conversi\u00f3n, sino una mejor comprensi\u00f3n rec\u00edproca. Esto es correcto. Pero tratar de conocer y comprender implica siempre un deseo de acercarse tambi\u00e9n a la verdad. De este modo, ambas partes, acerc\u00e1ndose paso a paso a la verdad, avanzan y est\u00e1n en camino hacia modos de compartir m\u00e1s amplios, que se fundan en la unidad de la verdad (&#8230;) Respecto a esto, dir\u00eda que el cristiano tiene una gran confianza fundamental, m\u00e1s a\u00fan, la gran certeza de fondo de que puede adentrarse tranquilamente en la inmensidad de la verdad sin ning\u00fan temor por su identidad de cristiano. Ciertamente, no somos nosotros quienes poseemos la verdad, es ella la que nos posee a nosotros: Cristo, que es la Verdad, nos ha tomado de la mano, y sabemos que nos tiene firmemente de su mano en el camino de nuestra b\u00fasqueda apasionada del conocimiento\u201d.<\/p>\n<p align=\"justify\"><strong>Nueva evangelizaci\u00f3n<\/strong><\/p>\n<p align=\"justify\">\u201cPara concluir es preciso hacer una breve anotaci\u00f3n sobre el anuncio, sobre la evangelizaci\u00f3n (&#8230;)La palabra del anuncio es eficaz all\u00ed donde en el hombre existe la disponibilidad d\u00f3cil para la cercan\u00eda de Dios; donde el hombre est\u00e1 interiormente en b\u00fasqueda y por ende en camino hacia el Se\u00f1or. Entonces, la atenci\u00f3n de Jes\u00fas por \u00e9l le llega al coraz\u00f3n y, despu\u00e9s, el encuentro con el anuncio suscita la santa curiosidad de conocer a Jes\u00fas m\u00e1s de cerca. Este caminar con \u00c9l conduce al lugar en el que habita Jes\u00fas, en la comunidad de la Iglesia, que es su Cuerpo. Significa entrar en la comuni\u00f3n itinerante de los catec\u00famenos, que es una comuni\u00f3n de profundizaci\u00f3n y, a la vez, de vida, en la que el caminar con Jes\u00fas nos convierte en personas que ven\u201d.<\/p>\n<p align=\"justify\">\u201cVenid y ver\u00e9is\u201d. Esta palabra que Jes\u00fas dirige a los dos disc\u00edpulos en b\u00fasqueda, la dirige tambi\u00e9n a los hombres de hoy que est\u00e1n en b\u00fasqueda. Al final de a\u00f1o, pedimos al Se\u00f1or que la Iglesia, a pesar de sus pobrezas, sea reconocida cada vez m\u00e1s como su morada. Le rogamos para que, en el camino hac\u00eda su casa, nos haga d\u00eda a d\u00eda m\u00e1s capaces de ver, de modo que podamos decir mejor, m\u00e1s y m\u00e1s convincentemente: Hemos encontrado a Aqu\u00e9l, al que todo el mundo espera, Jesucristo, verdadero Hijo de Dios y verdadero hombre\u201d.<\/p>\n<p align=\"justify\">&nbsp;<\/p>\n<p align=\"right\">Ciudad del Vaticano, 21 de diciembre 2012(VIS).-<\/p>\n","protected":false},"excerpt":{"rendered":"<p>El Santo Padre ha recibido esta ma\u00f1ana a los cardenales, los miembros de la Curia Romana y de la Gobernaci\u00f3n del Estado de la Ciudad del Vaticano, para el tradicional intercambio de felicitaciones de Navidad y A\u00f1o Nuevo. En nombre de los presentes, el cardenal Angelo Sodano, decano del Colegio Cardenalicio, felicit\u00f3 al Pont\u00edfice. Ofrecemos &hellip; <a href=\"https:\/\/www.biblia.work\/sermones\/familia-dialogo-nueva-evangelizacion-temas-centrales-del-discurso-a-la-curia-de-benedicto-xvi\/\" class=\"more-link\">Continuar leyendo<span class=\"screen-reader-text\"> \u00abFamilia, di\u00e1logo, nueva evangelizaci\u00f3n, temas centrales del discurso a la Curia de Benedicto XVI\u00bb<\/span><\/a><\/p>\n","protected":false},"author":1,"featured_media":0,"comment_status":"open","ping_status":"closed","sticky":false,"template":"","format":"standard","meta":{"footnotes":""},"categories":[1],"tags":[],"class_list":["post-38530","post","type-post","status-publish","format-standard","hentry","category-general"],"_links":{"self":[{"href":"https:\/\/www.biblia.work\/sermones\/wp-json\/wp\/v2\/posts\/38530","targetHints":{"allow":["GET"]}}],"collection":[{"href":"https:\/\/www.biblia.work\/sermones\/wp-json\/wp\/v2\/posts"}],"about":[{"href":"https:\/\/www.biblia.work\/sermones\/wp-json\/wp\/v2\/types\/post"}],"author":[{"embeddable":true,"href":"https:\/\/www.biblia.work\/sermones\/wp-json\/wp\/v2\/users\/1"}],"replies":[{"embeddable":true,"href":"https:\/\/www.biblia.work\/sermones\/wp-json\/wp\/v2\/comments?post=38530"}],"version-history":[{"count":0,"href":"https:\/\/www.biblia.work\/sermones\/wp-json\/wp\/v2\/posts\/38530\/revisions"}],"wp:attachment":[{"href":"https:\/\/www.biblia.work\/sermones\/wp-json\/wp\/v2\/media?parent=38530"}],"wp:term":[{"taxonomy":"category","embeddable":true,"href":"https:\/\/www.biblia.work\/sermones\/wp-json\/wp\/v2\/categories?post=38530"},{"taxonomy":"post_tag","embeddable":true,"href":"https:\/\/www.biblia.work\/sermones\/wp-json\/wp\/v2\/tags?post=38530"}],"curies":[{"name":"wp","href":"https:\/\/api.w.org\/{rel}","templated":true}]}}