{"id":38532,"date":"2016-06-21T18:01:24","date_gmt":"2016-06-21T23:01:24","guid":{"rendered":"http:\/\/www.biblia.work\/sermones\/benedicto-xvi-responde-a-los-jovenes-de-accion-catolica-italiana-en-busca-de-autor\/"},"modified":"2016-06-21T18:01:24","modified_gmt":"2016-06-21T23:01:24","slug":"benedicto-xvi-responde-a-los-jovenes-de-accion-catolica-italiana-en-busca-de-autor","status":"publish","type":"post","link":"https:\/\/www.biblia.work\/sermones\/benedicto-xvi-responde-a-los-jovenes-de-accion-catolica-italiana-en-busca-de-autor\/","title":{"rendered":"Benedicto XVI responde a los j\u00f3venes de Acci\u00f3n Cat\u00f3lica Italiana \u201cen busca de autor\u201d"},"content":{"rendered":"<p align=\"justify\"><strong>Benedicto XVI<\/strong> ha recibido esta ma\u00f1ana a los chicos y chicas de la <strong>Acci\u00f3n Cat\u00f3lica Italiana <\/strong>que le han felicitado la Navidad, explic\u00e1ndole, adem\u00e1s que el lema que les gu\u00eda este a\u00f1o es \u201cEn busca de autor\u201d.<\/p>\n<p align=\"justify\">\u201cYa sabemos quien es este autor &#8211; ha respondido el Papa- es Dios que nos ha mostrado su rostro. Dios nos ha creado, nos ha hecho a su imagen, sobre todo nos ha dado a su Hijo, Jes\u00fas, que se hizo ni\u00f1o -lo veremos dentro de poco en Navidad-, que ha crecido, se ha vuelto un chico como vosotros, ha recorrido los caminos de este mundo nuestro para comunicarnos el amor de Dios que hace la vida bella y feliz, llena de bondad y generosidad\u201d.<\/p>\n<p align=\"justify\">\u201cCiertamente &#8211; ha proseguido- tambi\u00e9n busc\u00e1is al autor de vuestra alegr\u00eda (&#8230;) Son tantos los que os hacen felices; pero hay un gran amigo que es el autor de la alegr\u00eda de todos y con quien nuestro coraz\u00f3n se llena de una alegr\u00eda que sobrepasa todas las dem\u00e1s y que dura para toda la vida: es Jes\u00fas (&#8230;) Cu\u00e1nto m\u00e1s aprend\u00e1is a conocerlo y a dialogar con \u00e9l, tanto m\u00e1s estar\u00e9is contentos y ser\u00e9is capaces de superar esas peque\u00f1as tristezas que, a veces, hay en el \u00e1nimo\u201d.<\/p>\n<p align=\"justify\">\u201cAdem\u00e1s, est\u00e1is en busca del autor del amor (&#8230;) Todos necesitamos querer y sentir que hay alguien que nos acepta y nos quiere. Sentirse amados es necesario para vivir, pero, es igualmente importante ser capaces de amar a los dem\u00e1s, para que sea hermosa la vida de todos; tambi\u00e9n la de vuestros coet\u00e1neos que atraviesan momentos dif\u00edciles. Jes\u00fas nos ha ense\u00f1ado con su vida que Dios ama a todos sin distinci\u00f3n y quiere que todos vivan felices\u201d.<\/p>\n<p align=\"justify\">\u201cPor \u00faltimo, busc\u00e1is, seguramente, al autor de la paz, que tanto necesita el mundo. A menudo los hombres creen que pueden construir la paz s\u00f3los, pero es importante comprender que Dios es el que nos da una paz verdadera y s\u00f3lida. Si sabemos escucharlo, si le dejamos stio en nuestra vida, Dios disuelve el ego\u00edsmo que, a menudo, contamina las relaciones entre las personas y entre las naciones y hace que broten deseos de reconciliaci\u00f3n, de perd\u00f3n y de paz, incluso en quien tiene el coraz\u00f3n endurecido.\u201d<\/p>\n<p align=\"justify\">\u201cSi os ayud\u00e1is entre vosotros para buscar al gran Autor de la vida, de la alegr\u00eda, del amor, de la paz, descubrir\u00e9is que este autor no est\u00e1 nunca lejos de vosotros; al contrario, est\u00e1 cerqu\u00edsima: es el Dios que se ha hecho ni\u00f1o en Jes\u00fas\u201d, ha concluido el Santo Padre.<\/p>\n<p align=\"justify\">&nbsp;<\/p>\n<p align=\"right\">Ciudad del Vaticano, 20 diciembre 2012 (VIS).-<\/p>\n","protected":false},"excerpt":{"rendered":"<p>Benedicto XVI ha recibido esta ma\u00f1ana a los chicos y chicas de la Acci\u00f3n Cat\u00f3lica Italiana que le han felicitado la Navidad, explic\u00e1ndole, adem\u00e1s que el lema que les gu\u00eda este a\u00f1o es \u201cEn busca de autor\u201d. \u201cYa sabemos quien es este autor &#8211; ha respondido el Papa- es Dios que nos ha mostrado su &hellip; <a href=\"https:\/\/www.biblia.work\/sermones\/benedicto-xvi-responde-a-los-jovenes-de-accion-catolica-italiana-en-busca-de-autor\/\" class=\"more-link\">Continuar leyendo<span class=\"screen-reader-text\"> \u00abBenedicto XVI responde a los j\u00f3venes de Acci\u00f3n Cat\u00f3lica Italiana \u201cen busca de autor\u201d\u00bb<\/span><\/a><\/p>\n","protected":false},"author":1,"featured_media":0,"comment_status":"open","ping_status":"closed","sticky":false,"template":"","format":"standard","meta":{"footnotes":""},"categories":[1],"tags":[],"class_list":["post-38532","post","type-post","status-publish","format-standard","hentry","category-general"],"_links":{"self":[{"href":"https:\/\/www.biblia.work\/sermones\/wp-json\/wp\/v2\/posts\/38532","targetHints":{"allow":["GET"]}}],"collection":[{"href":"https:\/\/www.biblia.work\/sermones\/wp-json\/wp\/v2\/posts"}],"about":[{"href":"https:\/\/www.biblia.work\/sermones\/wp-json\/wp\/v2\/types\/post"}],"author":[{"embeddable":true,"href":"https:\/\/www.biblia.work\/sermones\/wp-json\/wp\/v2\/users\/1"}],"replies":[{"embeddable":true,"href":"https:\/\/www.biblia.work\/sermones\/wp-json\/wp\/v2\/comments?post=38532"}],"version-history":[{"count":0,"href":"https:\/\/www.biblia.work\/sermones\/wp-json\/wp\/v2\/posts\/38532\/revisions"}],"wp:attachment":[{"href":"https:\/\/www.biblia.work\/sermones\/wp-json\/wp\/v2\/media?parent=38532"}],"wp:term":[{"taxonomy":"category","embeddable":true,"href":"https:\/\/www.biblia.work\/sermones\/wp-json\/wp\/v2\/categories?post=38532"},{"taxonomy":"post_tag","embeddable":true,"href":"https:\/\/www.biblia.work\/sermones\/wp-json\/wp\/v2\/tags?post=38532"}],"curies":[{"name":"wp","href":"https:\/\/api.w.org\/{rel}","templated":true}]}}