{"id":38533,"date":"2016-06-21T18:01:28","date_gmt":"2016-06-21T23:01:28","guid":{"rendered":"http:\/\/www.biblia.work\/sermones\/lista-completa-de-los-decretos-del-papa-de-proximos-santos-y-beatos\/"},"modified":"2016-06-21T18:01:28","modified_gmt":"2016-06-21T23:01:28","slug":"lista-completa-de-los-decretos-del-papa-de-proximos-santos-y-beatos","status":"publish","type":"post","link":"https:\/\/www.biblia.work\/sermones\/lista-completa-de-los-decretos-del-papa-de-proximos-santos-y-beatos\/","title":{"rendered":"Lista completa de los decretos del Papa de pr\u00f3ximos santos y beatos"},"content":{"rendered":"<p align=\"justify\">El Santo Padre ha recibido esta ma\u00f1ana en audiencia al cardenal <strong>Angelo Amato<\/strong>, S.D.B., prefecto de la Congregaci\u00f3n para las Causas de los Santos. En el transcurso de la misma, el Papa ha autorizado a la Congregaci\u00f3n a promulgar los siguientes decretos concernientes a:<\/p>\n<p align=\"justify\"><strong>MILAGROS atribuidos a la intercesi\u00f3n de<\/strong><\/p>\n<p align=\"justify\">-Beatos Antonio Primaldo y sus compa\u00f1eros, italianos, m\u00e1rtires, asesinados el 13 de agosto 1480 en Otranto (Italia).<\/p>\n<p align=\"justify\">-Beata Laura de Santa Catalina de Siena (en el siglo Mar\u00eda Laura de Jes\u00fas Montoya y Upegui), colombiana 1874 -1949; fundadora de la congregaci\u00f3n de las Religiosas misioneras de la Bienaventurada Virgen Maria y de Santa Catalina de Siena.<\/p>\n<p align=\"justify\">-Beata Mar\u00eda Guadalupe (en el siglo Anastasia Guadalupe Garc\u00eda Zavala), mexicana, 1878-1963; Cofundadora de las Siervas de Santa Margarita Maria y de los pobres.<\/p>\n<p align=\"justify\">-Venerable Siervo de Dios Antonio Franco, italiano, 1585 -1626, Prelado Ordinario de Santa Lucia del Mela.<\/p>\n<p align=\"justify\">-Venerable Siervo de Dios Jos\u00e9 Gabriel del Rosario Brochero, argentino, 1840-1916, sacerdote diocesano.<\/p>\n<p align=\"justify\">-Venerable Siervo de Dios Crist\u00f3bal de Santa Catalina (en el siglo Crist\u00f3bal Fern\u00e1ndez Valladolid), espa\u00f1ol, 1638-1690, sacerdote y fundador de la congregaci\u00f3n hospitalaria de Jes\u00fas Nazareno en C\u00f3rdoba.<\/p>\n<p align=\"justify\">-Venerable Sierva de Dios Sofia Czeska-Maciejowska, polaca, 1584-1650, fundadora de la congregaci\u00f3n de las V\u00edrgenes de la Presentaci\u00f3n de la Bienaventurada Virgen Mar\u00eda.<\/p>\n<p align=\"justify\">-Venerable Sierva de Dios Margherita Lucia Szewczyk, ucraniana, 1828-1905, fundadora de la congregaci\u00f3n de las Hijas de la Bienaventurada Virgen Mar\u00eda de los Dolores, llamadas Serafitki.<\/p>\n<p align=\"justify\">MARTIRIOS<\/p>\n<p align=\"justify\">-Siervo de Dios Miroslav Bule\u0161i, croata, 1920-1947, sacerdote diocesano; asesinado por odio a la fe el 24 de agosto de 1947 en Croacia.<\/p>\n<p align=\"justify\">-Siervos de Dios Jose Javier Gorosterratzu, y 5 compa\u00f1eros de la Congregaci\u00f3n del Sant\u00edsimo Redentor, espa\u00f1oles, asesinados por odio a la fe entre 1936 y 1938.<\/p>\n<p align=\"justify\">-Siervos de Dios Ricardo Gil Barcel\u00f3n, sacerdote, y Antonio Arru\u00e9 Peir\u00f3, postulante, espa\u00f1oles, de la Congregaci\u00f3n de la Peque\u00f1a obra de la Divina Providencia, asesinados por odio a la fe en Valencia en 1936.<\/p>\n<p align=\"justify\">-Siervo de Dios Manuel de la Sagrada Familia, espa\u00f1ol, 1887-1936, (en el siglo Manuel Sanz Dom\u00ednguez), monje profeso, reformador de la Orden de San Jer\u00f3nimo, asesinado por odio a la fe en Paracuellos de Jarama entre el 6 y el 8 de noviembre de 1936.<\/p>\n<p align=\"justify\">-Siervas de Dios Maria di Montserrat (en el siglo Josefa Pilar Garc\u00eda y Solanas) y 8 compa\u00f1eras, religiosas profesas del Instituto de las M\u00ednimas Descalzas de San Francisco de Paula y Lucrecia Garc\u00eda y Solanas, laica, todas ellas espa\u00f1olas, asesinadas por odio a la fe en Barcelona el 23 de julio de 1936.<\/p>\n<p align=\"justify\">-Siervas de Dios Melchora de la Adoraci\u00f3n Cort\u00e9s Bueno y 14 compa\u00f1eras de la Sociedad de las Hijas de la Caridad de San Vicente de Paul, asesinadas por odio a la fe entre 1936 y 1937.<\/p>\n<p align=\"justify\"><strong>-VIRTUDES HEROICAS<\/strong><\/p>\n<p align=\"justify\">-Siervo de Dios Pablo VI (Giovanni Battista Montini), italiano, 1897-1978, Sumo pont\u00edfice.<\/p>\n<p align=\"justify\">-Siervo de Dios Francesco Saverio Petagna, italiano, 1812-1878, obispo, fundador de la congregaci\u00f3n de las Hermanas de los Sagrados Corazones.<\/p>\n<p align=\"justify\">-Siervo de Dios Juan Jos\u00e9 Santiago Bonal Cortada, espa\u00f1ol,1769-1829,sacerdote, fundador de la congregaci\u00f3n de las Hermanas de la Caridad de Santa Ana.<\/p>\n<p align=\"justify\">-Louis-Marie Baudouin, franc\u00e9s, 1765-1835; sacerdote,fundador de las Congregaciones de los Hijos de Mar\u00eda Inmaculada.<\/p>\n<p align=\"justify\">-Sierva de Dios Giovannina Franchi, italiana, 1807- 1872, fundadora de las Hermanas Hospitalarias de Mar\u00eda Dolorosa de Como.<\/p>\n<p align=\"justify\">-Sierva de Dios Marcelina de San Jos\u00e9 (en el siglo Luisa Aveledo),venezolana, 1874-1959, fundadora de la congregaci\u00f3n de las Hermanas de los Pobres de San Pedro Claver;<\/p>\n<p align=\"justify\">-Sierva de Dios Claudia Russo, italiana, 1889-1964, fundadora de la congregaci\u00f3n de las Hermanas Pobres Hijas de la Visitaci\u00f3n de la Virgen Mar\u00eda.<\/p>\n<p align=\"justify\">-Sierva de Dios Maria Francisca de las Llagas (en el siglo Rosa Elena Cornejo) ecuadore\u00f1a, 1874 -1964, fundadora de la congregaci\u00f3n de las Hermanas Misioneras Franciscanas de la Inmaculada.<\/p>\n<p align=\"justify\">-Sierva de Dios Clara Ludovica Szczesna, polaca,1863-1916, cofundadora de la congregaci\u00f3n de las Siervas del Sant\u00edsimo Coraz\u00f3n de Jes\u00fas.<\/p>\n<p align=\"justify\">-Sierva de Dios Consuelo (en el siglo Joaquina Maria Mercedes Barcel\u00f3 y Pag\u00e9s), espa\u00f1ola, 1857-1940, cofundadora de la congregaci\u00f3n de las Religiosas Agustinas de Nuestra Se\u00f1ora del Consuelo.<\/p>\n<p align=\"justify\">&nbsp;<\/p>\n<p align=\"justify\">Ciudad del Vaticano, 20 diciembre 2012 (VIS).-<\/p>\n","protected":false},"excerpt":{"rendered":"<p>El Santo Padre ha recibido esta ma\u00f1ana en audiencia al cardenal Angelo Amato, S.D.B., prefecto de la Congregaci\u00f3n para las Causas de los Santos. En el transcurso de la misma, el Papa ha autorizado a la Congregaci\u00f3n a promulgar los siguientes decretos concernientes a: MILAGROS atribuidos a la intercesi\u00f3n de -Beatos Antonio Primaldo y sus &hellip; <a href=\"https:\/\/www.biblia.work\/sermones\/lista-completa-de-los-decretos-del-papa-de-proximos-santos-y-beatos\/\" class=\"more-link\">Continuar leyendo<span class=\"screen-reader-text\"> \u00abLista completa de los decretos del Papa de pr\u00f3ximos santos y beatos\u00bb<\/span><\/a><\/p>\n","protected":false},"author":1,"featured_media":0,"comment_status":"open","ping_status":"closed","sticky":false,"template":"","format":"standard","meta":{"footnotes":""},"categories":[1],"tags":[],"class_list":["post-38533","post","type-post","status-publish","format-standard","hentry","category-general"],"_links":{"self":[{"href":"https:\/\/www.biblia.work\/sermones\/wp-json\/wp\/v2\/posts\/38533","targetHints":{"allow":["GET"]}}],"collection":[{"href":"https:\/\/www.biblia.work\/sermones\/wp-json\/wp\/v2\/posts"}],"about":[{"href":"https:\/\/www.biblia.work\/sermones\/wp-json\/wp\/v2\/types\/post"}],"author":[{"embeddable":true,"href":"https:\/\/www.biblia.work\/sermones\/wp-json\/wp\/v2\/users\/1"}],"replies":[{"embeddable":true,"href":"https:\/\/www.biblia.work\/sermones\/wp-json\/wp\/v2\/comments?post=38533"}],"version-history":[{"count":0,"href":"https:\/\/www.biblia.work\/sermones\/wp-json\/wp\/v2\/posts\/38533\/revisions"}],"wp:attachment":[{"href":"https:\/\/www.biblia.work\/sermones\/wp-json\/wp\/v2\/media?parent=38533"}],"wp:term":[{"taxonomy":"category","embeddable":true,"href":"https:\/\/www.biblia.work\/sermones\/wp-json\/wp\/v2\/categories?post=38533"},{"taxonomy":"post_tag","embeddable":true,"href":"https:\/\/www.biblia.work\/sermones\/wp-json\/wp\/v2\/tags?post=38533"}],"curies":[{"name":"wp","href":"https:\/\/api.w.org\/{rel}","templated":true}]}}