{"id":38534,"date":"2016-06-21T18:01:32","date_gmt":"2016-06-21T23:01:32","guid":{"rendered":"http:\/\/www.biblia.work\/sermones\/catequesis-de-benedicto-xvi-del-miercoles-19-de-diciembre-la-fe-de-maria-a-la-luz-del-misterio-de-la-anunciacion\/"},"modified":"2016-06-21T18:01:32","modified_gmt":"2016-06-21T23:01:32","slug":"catequesis-de-benedicto-xvi-del-miercoles-19-de-diciembre-la-fe-de-maria-a-la-luz-del-misterio-de-la-anunciacion","status":"publish","type":"post","link":"https:\/\/www.biblia.work\/sermones\/catequesis-de-benedicto-xvi-del-miercoles-19-de-diciembre-la-fe-de-maria-a-la-luz-del-misterio-de-la-anunciacion\/","title":{"rendered":"Catequesis de Benedicto XVI del mi\u00e9rcoles 19 de diciembre: \u201cLa fe de Mar\u00eda a la luz del misterio de la Anunciaci\u00f3n\u201d"},"content":{"rendered":"<p align=\"justify\">La fe de Mar\u00eda, a la luz del misterio de la Anunciaci\u00f3n, ha sido el tema de la catequesis de Benedicto XVI durante la \u00faltima audiencia general del 2012, celebrada en el Aula Pablo VI.<\/p>\n<p align=\"justify\">En la Anunciaci\u00f3n, el \u00e1ngel saluda a Mar\u00eda con las palabras \u201cAl\u00e9grate, llena de gracia, el Se\u00f1or est\u00e1 contigo\u201d. Ese saludo &#8211; ha dicho el Papa- es \u201cuna invitaci\u00f3n a la alegr\u00eda, anuncia el fin de la tristeza que hay en el mundo frente al l\u00edmite de la vida, el sufrimiento, (&#8230;) la oscuridad del mal que parece ofuscar la luz de la bondad divina. Es un saludo que marca el comienzo del Evangelio, de la Buena Nueva\u201d.<\/p>\n<p align=\"justify\">La respuesta al motivo de la alegr\u00eda de la Virgen est\u00e1 en la segunda parte de la frase: \u201cEl Se\u00f1or est\u00e1 contigo. En Mar\u00eda \u201cse cumple la esperanza de la llegada definitiva de Dios, en ella toma morada el Dios vivo\u201d. La expresi\u00f3n \u201cllena de gracia\u201d aclara ulteriormente la fuente de esa alegr\u00eda que \u201cprocede de la comuni\u00f3n con Dios (&#8230;) del ser morada del Esp\u00edritu Santo (&#8230;). Mar\u00eda es la criatura que ha abierto de par en par las puertas a su Creador, se ha puesto en sus manos sin l\u00edmites\u201d y \u201c vive (&#8230;) atenta a reconocer los signos de Dios en el camino de su pueblo; se inserta en una historia de fe y esperanza en las promesas de Dios, que constituye el tejido de su existencia. (&#8230;) Como Abraham, Mar\u00eda se f\u00eda plenamente de la palabra que le anuncia el mensajero divino y se convierte en modelo y madre de todos los creyentes\u201d.<\/p>\n<p align=\"justify\">Benedicto XVI ha hecho hincapi\u00e9 en otro aspecto importante: \u201cLa apertura del alma a Dios y a su acci\u00f3n en la fe tambi\u00e9n incluye el elemento de la oscuridad\u201d. \u201cLa relaci\u00f3n entre los seres humanos y Dios no borra la distancia entre el Creador y la criatura (&#8230;) Pero, aquel que -como Mar\u00eda &#8211; est\u00e1 abierto totalmente a Dios, llega a aceptar su voluntad aunque sea misteriosa, aunque a menudo no corresponda con nuestros deseos (&#8230;) Lo mismo sucede con Mar\u00eda; su fe vive la alegr\u00eda de la Anunciaci\u00f3n, pero tambi\u00e9n pasa a trav\u00e9s de la oscuridad de la crucifixi\u00f3n del Hijo, hasta llegar a la luz de la Resurrecci\u00f3n\u201d.<\/p>\n<p align=\"justify\">\u201cNo es diferente para nosotros el camino de fe &#8211; ha se\u00f1alado el Santo Padre-, encontramos momentos de luz, pero tambi\u00e9n pasajes en los que Dios parece ausente, su silencio pesa en nuestros corazones y su voluntad no se corresponde con la nuestra (&#8230;) Pero cuanto m\u00e1s nos abrimos a Dios, (..) &#8211; como Abraham y como Mar\u00eda &#8211; mas \u00c9l nos hace capaces, con su presencia, de vivir cada situaci\u00f3n de la vida en paz y seguros de su lealtad y su amor. Ahora bien, esto significa salir de nosotros mismos y de nuestros proyectos, para que la Palabra de Dios sea la l\u00e1mpara que gu\u00ede nuestros pensamientos y nuestras acciones\u201d.<\/p>\n<p align=\"justify\">Desde la p\u00e9rdida de Jes\u00fas en el Templo, Mar\u00eda \u201cdebe renovar la fe profunda con la que dijo &#8220;s\u00ed&#8221; en la Anunciaci\u00f3n (&#8230;) debe saber dejar libre a ese Hijo que ha engendrado para que siga su misi\u00f3n. Y el &#8220;s\u00ed&#8221; de Mar\u00eda a la voluntad de Dios, la obediencia de la fe, se repite a lo largo de su vida, hasta el momento m\u00e1s dif\u00edcil, el de la Cruz\u201d.<\/p>\n<p align=\"justify\">\u201cHay una actitud de fondo que Mar\u00eda asume frente a lo que sucede en su vida &#8211; ha explicado el Papa- .Se afirma que &#8220;guardaba todas estas cosas, medit\u00e1ndolas en su coraz\u00f3n&#8221;. Podr\u00edamos decir que (&#8230;) colocaba cada elemento, cada palabra, cada acontecimiento, dentro de un conjunto y lo examinaba, lo conservaba, reconociendo que todo viene de la voluntad de Dios. Mar\u00eda no se detiene en una primera comprensi\u00f3n superficial de lo que est\u00e1 sucediendo en su vida, sino que sabe mirar en profundidad, se siente interpelada por los acontecimientos, los elabora, los discierne, y conquista la comprensi\u00f3n que puede asegurar solamente la fe. Es la humildad profunda de la fe obediente de Mar\u00eda, que acoge en s\u00ed tambi\u00e9n lo que no comprende de la actuaci\u00f3n de Dios, dejando que sea \u00c9l quien abra su mente y su coraz\u00f3n\u201d<\/p>\n<p align=\"justify\">\u201cLa solemnidad de la Natividad del Se\u00f1or, que pronto celebraremos &#8211; ha concluido el Santo Padre- nos invita a vivir esta misma humildad y obediencia de la fe. La gloria de Dios no se manifiesta en el triunfo y el poder de un rey, no brilla en una famosa ciudad (&#8230;) vive en el seno de una virgen, y se revela en la pobreza de un ni\u00f1o. La omnipotencia de Dios, tambi\u00e9n en nuestras vidas, act\u00faa con la fuerza, a menudo silenciosa de la verdad y el amor. La fe nos dice entonces, que el poder inerme de ese Ni\u00f1o, al final vence el estruendo de las potencias del mundo.\u201d<\/p>\n<p align=\"justify\">&nbsp;<\/p>\n<p align=\"right\">Ciudad del Vaticano, 19 de diciembre 2012(VIS).-<\/p>\n","protected":false},"excerpt":{"rendered":"<p>La fe de Mar\u00eda, a la luz del misterio de la Anunciaci\u00f3n, ha sido el tema de la catequesis de Benedicto XVI durante la \u00faltima audiencia general del 2012, celebrada en el Aula Pablo VI. En la Anunciaci\u00f3n, el \u00e1ngel saluda a Mar\u00eda con las palabras \u201cAl\u00e9grate, llena de gracia, el Se\u00f1or est\u00e1 contigo\u201d. Ese &hellip; <a href=\"https:\/\/www.biblia.work\/sermones\/catequesis-de-benedicto-xvi-del-miercoles-19-de-diciembre-la-fe-de-maria-a-la-luz-del-misterio-de-la-anunciacion\/\" class=\"more-link\">Continuar leyendo<span class=\"screen-reader-text\"> \u00abCatequesis de Benedicto XVI del mi\u00e9rcoles 19 de diciembre: \u201cLa fe de Mar\u00eda a la luz del misterio de la Anunciaci\u00f3n\u201d\u00bb<\/span><\/a><\/p>\n","protected":false},"author":1,"featured_media":0,"comment_status":"open","ping_status":"closed","sticky":false,"template":"","format":"standard","meta":{"footnotes":""},"categories":[1],"tags":[],"class_list":["post-38534","post","type-post","status-publish","format-standard","hentry","category-general"],"_links":{"self":[{"href":"https:\/\/www.biblia.work\/sermones\/wp-json\/wp\/v2\/posts\/38534","targetHints":{"allow":["GET"]}}],"collection":[{"href":"https:\/\/www.biblia.work\/sermones\/wp-json\/wp\/v2\/posts"}],"about":[{"href":"https:\/\/www.biblia.work\/sermones\/wp-json\/wp\/v2\/types\/post"}],"author":[{"embeddable":true,"href":"https:\/\/www.biblia.work\/sermones\/wp-json\/wp\/v2\/users\/1"}],"replies":[{"embeddable":true,"href":"https:\/\/www.biblia.work\/sermones\/wp-json\/wp\/v2\/comments?post=38534"}],"version-history":[{"count":0,"href":"https:\/\/www.biblia.work\/sermones\/wp-json\/wp\/v2\/posts\/38534\/revisions"}],"wp:attachment":[{"href":"https:\/\/www.biblia.work\/sermones\/wp-json\/wp\/v2\/media?parent=38534"}],"wp:term":[{"taxonomy":"category","embeddable":true,"href":"https:\/\/www.biblia.work\/sermones\/wp-json\/wp\/v2\/categories?post=38534"},{"taxonomy":"post_tag","embeddable":true,"href":"https:\/\/www.biblia.work\/sermones\/wp-json\/wp\/v2\/tags?post=38534"}],"curies":[{"name":"wp","href":"https:\/\/api.w.org\/{rel}","templated":true}]}}