{"id":38539,"date":"2016-06-21T18:02:00","date_gmt":"2016-06-21T23:02:00","guid":{"rendered":"http:\/\/www.biblia.work\/sermones\/la-fe-de-maria-en-la-catequesis-de-la-audiencia-general-del-papa-del-miercoles-19-12-2012\/"},"modified":"2016-06-21T18:02:00","modified_gmt":"2016-06-21T23:02:00","slug":"la-fe-de-maria-en-la-catequesis-de-la-audiencia-general-del-papa-del-miercoles-19-12-2012","status":"publish","type":"post","link":"https:\/\/www.biblia.work\/sermones\/la-fe-de-maria-en-la-catequesis-de-la-audiencia-general-del-papa-del-miercoles-19-12-2012\/","title":{"rendered":"La fe de Mar\u00eda en la catequesis de la audiencia general del Papa del mi\u00e9rcoles 19-12-2012"},"content":{"rendered":"<p align=\"justify\">En su \u00faltima catequesis de este a\u00f1o, Benedicto XVI reflexion\u00f3 con los fieles y peregrinos de numerosos pa\u00edses \u2013 reunidos en el Aula Pablo VI del Vaticano \u2013 sobre la fe de Mar\u00eda a partir del gran misterio de la Anunciaci\u00f3n.<\/p>\n<p align=\"justify\">Hablando en italiano el Papa destac\u00f3 que la apertura del alma a Dios y a su acci\u00f3n en la fe tambi\u00e9n incluye el elemento de la oscuridad. Y afirm\u00f3 que la relaci\u00f3n del ser humano con Dios no cancela la distancia entre el Creador y la criatura. As\u00ed es para Mar\u00eda \u2013 dijo el Santo Padre \u2013 cuya fe vive la alegr\u00eda de la Anunciaci\u00f3n, pero tambi\u00e9n pasa a trav\u00e9s de la oscuridad de la crucifixi\u00f3n del Hijo, para poder llegar hasta la luz de la Resurrecci\u00f3n.<br \/>\nAntes de rezar el Padrenuestro el Pont\u00edfice se despidi\u00f3 afirmando que la solemnidad de la Navidad del Se\u00f1or, que celebraremos dentro de poco, nos invita a vivir la misma humildad y obediencia de la fe de Mar\u00eda. Porque la gloria de Dios no se manifiesta en el triunfo y en el poder de un rey, no resplandece en una ciudad famosa o en un suntuoso palacio, sino que pone su morada en el seno de una virgen y se revela en la pobreza de un ni\u00f1o. La omnipotencia de Dios, tambi\u00e9n en nuestra vida, act\u00faa con la fuerza, con frecuencia silenciosa, de la verdad y del amor. La fe nos dice, entonces, que el indefenso poder de aquel Ni\u00f1o, al final vence el rumor de las potencias del mundo.<\/p>\n","protected":false},"excerpt":{"rendered":"<p>En su \u00faltima catequesis de este a\u00f1o, Benedicto XVI reflexion\u00f3 con los fieles y peregrinos de numerosos pa\u00edses \u2013 reunidos en el Aula Pablo VI del Vaticano \u2013 sobre la fe de Mar\u00eda a partir del gran misterio de la Anunciaci\u00f3n. Hablando en italiano el Papa destac\u00f3 que la apertura del alma a Dios y &hellip; <a href=\"https:\/\/www.biblia.work\/sermones\/la-fe-de-maria-en-la-catequesis-de-la-audiencia-general-del-papa-del-miercoles-19-12-2012\/\" class=\"more-link\">Continuar leyendo<span class=\"screen-reader-text\"> \u00abLa fe de Mar\u00eda en la catequesis de la audiencia general del Papa del mi\u00e9rcoles 19-12-2012\u00bb<\/span><\/a><\/p>\n","protected":false},"author":1,"featured_media":0,"comment_status":"open","ping_status":"closed","sticky":false,"template":"","format":"standard","meta":{"footnotes":""},"categories":[1],"tags":[],"class_list":["post-38539","post","type-post","status-publish","format-standard","hentry","category-general"],"_links":{"self":[{"href":"https:\/\/www.biblia.work\/sermones\/wp-json\/wp\/v2\/posts\/38539","targetHints":{"allow":["GET"]}}],"collection":[{"href":"https:\/\/www.biblia.work\/sermones\/wp-json\/wp\/v2\/posts"}],"about":[{"href":"https:\/\/www.biblia.work\/sermones\/wp-json\/wp\/v2\/types\/post"}],"author":[{"embeddable":true,"href":"https:\/\/www.biblia.work\/sermones\/wp-json\/wp\/v2\/users\/1"}],"replies":[{"embeddable":true,"href":"https:\/\/www.biblia.work\/sermones\/wp-json\/wp\/v2\/comments?post=38539"}],"version-history":[{"count":0,"href":"https:\/\/www.biblia.work\/sermones\/wp-json\/wp\/v2\/posts\/38539\/revisions"}],"wp:attachment":[{"href":"https:\/\/www.biblia.work\/sermones\/wp-json\/wp\/v2\/media?parent=38539"}],"wp:term":[{"taxonomy":"category","embeddable":true,"href":"https:\/\/www.biblia.work\/sermones\/wp-json\/wp\/v2\/categories?post=38539"},{"taxonomy":"post_tag","embeddable":true,"href":"https:\/\/www.biblia.work\/sermones\/wp-json\/wp\/v2\/tags?post=38539"}],"curies":[{"name":"wp","href":"https:\/\/api.w.org\/{rel}","templated":true}]}}