{"id":38540,"date":"2016-06-21T18:02:08","date_gmt":"2016-06-21T23:02:08","guid":{"rendered":"http:\/\/www.biblia.work\/sermones\/benedicto-xvi-en-la-parroquia-de-san-patricio-en-la-colina-prenestina-roma\/"},"modified":"2016-06-21T18:02:08","modified_gmt":"2016-06-21T23:02:08","slug":"benedicto-xvi-en-la-parroquia-de-san-patricio-en-la-colina-prenestina-roma","status":"publish","type":"post","link":"https:\/\/www.biblia.work\/sermones\/benedicto-xvi-en-la-parroquia-de-san-patricio-en-la-colina-prenestina-roma\/","title":{"rendered":"Benedicto XVI en la parroquia de San Patricio en la colina Prenestina (Roma)"},"content":{"rendered":"<p align=\"justify\"><strong>Benedicto XVI<\/strong> visit\u00f3 el lunes, como Obispo de Roma, la parroquia de San Patricio en la colina Prenestina, una zona urbanizada entre los a\u00f1os 60 y 80 del siglo pasado, que cuenta con una nueva iglesia desde 2007.<\/p>\n<p align=\"justify\">El Papa fue recibido por la comunidad parroquial entre la que se contaban los ni\u00f1os bautizados este a\u00f1o, acompa\u00f1ados por sus padres, y ha presidido, a las 10,00 la Santa Misa.<\/p>\n<p align=\"justify\">En el tercer domingo de Adviento, llamado <strong>\u201cGaudete\u201d,<\/strong> porque invita a la alegr\u00eda, el Santo Padre record\u00f3 que el tiempo de <strong>Adviento<\/strong> es, efectivamente, un tiempo no s\u00f3lo de conversi\u00f3n, sino tambi\u00e9n de gozo, porque \u201cen el coraz\u00f3n de los creyentes se despierta la espera del Salvador, y esperar la llegada de una persona amada es siempre motivo de alegr\u00eda\u201d.<\/p>\n<p align=\"justify\">El Papa ha comentado la primera lectura en la que Sofon\u00edas utiliza la expresi\u00f3n \u201cAl\u00e9grate, hija de Si\u00f3n\u201d, explicando que el profeta quiere decir que \u201cya no hay ning\u00fan motivo de desaliento,ni de tristeza, cualquiera que sea la situaci\u00f3n que debamos afrontar porque estamos seguros de la presencia del Se\u00f1or que, por s\u00ed misma basta para calmar y alegrar los corazones. El profeta, adem\u00e1s, nos da a entender que esa alegr\u00eda es rec\u00edproca: nosotros estamos invitados a alegrarnos, pero tambi\u00e9n el Se\u00f1or se alegra de su relaci\u00f3n con nosotros\u201d.<\/p>\n<p align=\"justify\">&#8220;Dentro de pocos d\u00edas \u2013 ha dicho \u2013 celebraremos la Navidad, la fiesta de la venida de Dios que se hizo ni\u00f1o y hermano nuestro para estar con nosotros y compartir nuestra condici\u00f3n humana. Tenemos que alegrarnos por esta cercan\u00eda, por su presencia e intentar comprender siempre que est\u00e1 realmente cerca y as\u00ed, dejar que penetre en nosotros, la realidad d ella bondad de Dios, de la alegr\u00eda de Cristo que est\u00e1 entre nosotros. San Pablo dice con fuerza en una de sus cartas que nada puede separarnos del amor de Dios que se ha manifestado en Cristo. Solo el pecado nos aleja de \u00c9l, pero \u00e9ste es un factor de separaci\u00f3n que nosotros mismos introducimos en nuestra relaci\u00f3n con el Se\u00f1or. Sin embargo, incluso cuando nos alejamos, \u00c9l no cesa de amarnos y sigue estando cerca de nosotros con su misericordia, con su disponibilidad a perdonar y recogernos en su amor&#8221;.<\/p>\n<p align=\"justify\">Por eso &#8220;no debemos angustiarnos nunca, siempre podemos exponer al Se\u00f1or nuestras peticiones, nuestras necesidades y preocupaciones &#8216;con plegarias y oraciones&#8217;. Y este es un gran motivo de alegr\u00eda, saber que siempre es posible rezar al Se\u00f1or y que el Se\u00f1or nos escucha, que Dios no es lejano, sino que nos escucha, nos conoce y no rechaza nunca nuestras s\u00faplicas, aunque no responda inmediatamente como desear\u00edamos, pero responde&#8221;.<\/p>\n<p align=\"justify\">Pero, &#8220;la alegr\u00eda que el Se\u00f1or nos comunica debe encontrar en nosotros el amor agradecido. Efectivamente, la alegr\u00eda es plena cuando reconocemos su misericordia, cuando prestamos atenci\u00f3n a los signos de su bondad (\u2026) Los que acogen los dones de Dios de forma ego\u00edsta no encuentran la alegr\u00eda verdadera; en cambio, quien los utiliza para amarlo con gratitud sincera y para transmitir su amor a los dem\u00e1s, tiene el coraz\u00f3n lleno realmente de alegr\u00eda&#8221;, ha concluido el pont\u00edfice.<\/p>\n<p align=\"justify\">Terminada la celebraci\u00f3n eucar\u00edstica, el Papa salud\u00f3 a los ancianos y enfermos de la parroquia y regres\u00f3 al Vaticano para rezar el \u00c1ngelus.<\/p>\n<p align=\"justify\">&nbsp;<\/p>\n<p align=\"right\">Ciudad del Vaticano, 17 diciembre 2012 (VIS).<\/p>\n","protected":false},"excerpt":{"rendered":"<p>Benedicto XVI visit\u00f3 el lunes, como Obispo de Roma, la parroquia de San Patricio en la colina Prenestina, una zona urbanizada entre los a\u00f1os 60 y 80 del siglo pasado, que cuenta con una nueva iglesia desde 2007. El Papa fue recibido por la comunidad parroquial entre la que se contaban los ni\u00f1os bautizados este &hellip; <a href=\"https:\/\/www.biblia.work\/sermones\/benedicto-xvi-en-la-parroquia-de-san-patricio-en-la-colina-prenestina-roma\/\" class=\"more-link\">Continuar leyendo<span class=\"screen-reader-text\"> \u00abBenedicto XVI en la parroquia de San Patricio en la colina Prenestina (Roma)\u00bb<\/span><\/a><\/p>\n","protected":false},"author":1,"featured_media":0,"comment_status":"open","ping_status":"closed","sticky":false,"template":"","format":"standard","meta":{"footnotes":""},"categories":[1],"tags":[],"class_list":["post-38540","post","type-post","status-publish","format-standard","hentry","category-general"],"_links":{"self":[{"href":"https:\/\/www.biblia.work\/sermones\/wp-json\/wp\/v2\/posts\/38540","targetHints":{"allow":["GET"]}}],"collection":[{"href":"https:\/\/www.biblia.work\/sermones\/wp-json\/wp\/v2\/posts"}],"about":[{"href":"https:\/\/www.biblia.work\/sermones\/wp-json\/wp\/v2\/types\/post"}],"author":[{"embeddable":true,"href":"https:\/\/www.biblia.work\/sermones\/wp-json\/wp\/v2\/users\/1"}],"replies":[{"embeddable":true,"href":"https:\/\/www.biblia.work\/sermones\/wp-json\/wp\/v2\/comments?post=38540"}],"version-history":[{"count":0,"href":"https:\/\/www.biblia.work\/sermones\/wp-json\/wp\/v2\/posts\/38540\/revisions"}],"wp:attachment":[{"href":"https:\/\/www.biblia.work\/sermones\/wp-json\/wp\/v2\/media?parent=38540"}],"wp:term":[{"taxonomy":"category","embeddable":true,"href":"https:\/\/www.biblia.work\/sermones\/wp-json\/wp\/v2\/categories?post=38540"},{"taxonomy":"post_tag","embeddable":true,"href":"https:\/\/www.biblia.work\/sermones\/wp-json\/wp\/v2\/tags?post=38540"}],"curies":[{"name":"wp","href":"https:\/\/api.w.org\/{rel}","templated":true}]}}