{"id":38541,"date":"2016-06-21T18:02:12","date_gmt":"2016-06-21T23:02:12","guid":{"rendered":"http:\/\/www.biblia.work\/sermones\/acuerdo-entre-la-santa-sede-y-la-republica-de-china\/"},"modified":"2016-06-21T18:02:12","modified_gmt":"2016-06-21T23:02:12","slug":"acuerdo-entre-la-santa-sede-y-la-republica-de-china","status":"publish","type":"post","link":"https:\/\/www.biblia.work\/sermones\/acuerdo-entre-la-santa-sede-y-la-republica-de-china\/","title":{"rendered":"Acuerdo entre la Santa Sede y la Rep\u00fablica de China"},"content":{"rendered":"<p align=\"justify\">Este lunes, ha tenido lugar en el <strong>Vaticano y en Taipei<\/strong> el intercambio de notas verbales, con las que la Secretar\u00eda de Estado y el Ministerio de Asuntos Exteriores comunican, respectivamente, que la Santa Sede y la Rep\u00fablica de China han llevado a cabo los procedimientos necesarios para la entrada en vigor del Acuerdo entre la Congregaci\u00f3n para la Educaci\u00f3n Cat\u00f3lica de la Santa Sede y el Ministerio de Educaci\u00f3n de la Rep\u00fablica Popular de China sobre la colaboraci\u00f3n en el campo de la educaci\u00f3n superior y en el reconocimiento de estudios, t\u00edtulos, diplomas y grados.<\/p>\n<p align=\"justify\">El acuerdo, hab\u00eda sido firmado en Taipei el 2 de diciembre de 2011 por el cardenal <strong>Zenon Grocholewski<\/strong>, Prefecto de la Congregaci\u00f3n para la Educaci\u00f3n Cat\u00f3lica, y por el ministro de Educaci\u00f3n de la Rep\u00fablica de China (ROC), Wu Ching -ji. El pasado 20 de noviembre fue aprobado por unanimidad por la Asamblea Parlamentaria (Yuan Legislativo) de la Rep\u00fablica de China.<\/p>\n<p align=\"justify\">&nbsp;<\/p>\n<p align=\"justify\">Se trata de un acuerdo &#8220;de car\u00e1cter cultural y administrativo&#8221; firmado en el marco del ConvenioRegional de la UNESCO, sobre el reconocimiento de estudios, t\u00edtulos y diplomas de educaci\u00f3n superior en Asia y el Pac\u00edfico, firmado en Tokio el 26 de noviembre 2011 con la participaci\u00f3n &#8211; entre otros estados &#8211; de la Rep\u00fablica Popular de China y de la Santa Sede. Los sectores regulados son dos: el propiamente acad\u00e9mico y administrativo del reconocimiento mutuo de los estudios, t\u00edtulos, diplomas y grados, y el de la cooperaci\u00f3n en el campo de la educaci\u00f3n superior, que incluye la presencia de la Iglesia Cat\u00f3lica en el \u00e1mbito universitario de la zona de lengua china.<\/p>\n<p align=\"justify\">&nbsp;<\/p>\n<p align=\"justify\">Con dicho acuerdo la R.O.C., concede a la Santa Sede sea el reconocimiento de t\u00edtulos de estudio y grados eclesi\u00e1sticos otorgados en todo el mundo, como el respeto de la normativa can\u00f3nica sobre la estructura y la gesti\u00f3n de las universidades cat\u00f3licas y facultades eclesi\u00e1sticas de teolog\u00eda en Taiwan, al igual que la posibilidad de proponer los valores cristianos en \u00e1mbito acad\u00e9mico, tambi\u00e9n en las facultades diversas de las de teolog\u00eda. Estas dos \u00faltimas garant\u00edas est\u00e1n contenidas fundamentalmente en el art. 2, que establece el reconocimiento del car\u00e1cter \u00fanico del sistema educativo que es propio de las universidades y facultades eclesi\u00e1sticas. Este reconocimiento implica el respeto de la legislaci\u00f3n acad\u00e9mica can\u00f3nica, la salvaguardia del perfil cat\u00f3lico de las instituciones acad\u00e9micas, la competencia exclusiva de la Santa Sede en el contenido, los programas y el nombramiento de los responsables y profesores, as\u00ed como un compromiso individual escrito ( maestros y personal administrativo) de una conducta moral compatible con la doctrina y la moral cat\u00f3licas. El resto del acuerdo trata, en su mayor parte, de los aspectos t\u00e9cnico-burocr\u00e1ticos del reconocimiento de estudios, calificaciones, t\u00edtulos y grados; y esto, citando, a menudo, literalmente, las relativos convenios regionales de la UNESCO.<\/p>\n<p align=\"justify\">&nbsp;<\/p>\n<p align=\"justify\">El acuerdo tambi\u00e9n beneficiar\u00e1 a los eclesi\u00e1sticos (sacerdotes, seminaristas y religiosos), que desde China continental vayan a estudiar a la Universidad Cat\u00f3lica Fu Jen en Taipei.<\/p>\n<p align=\"justify\">&nbsp;<\/p>\n<p align=\"justify\">Ciudad del Vaticano, 17 diciembre 2012 (VIS).-<\/p>\n<p align=\"justify\">&nbsp;<\/p>\n","protected":false},"excerpt":{"rendered":"<p>Este lunes, ha tenido lugar en el Vaticano y en Taipei el intercambio de notas verbales, con las que la Secretar\u00eda de Estado y el Ministerio de Asuntos Exteriores comunican, respectivamente, que la Santa Sede y la Rep\u00fablica de China han llevado a cabo los procedimientos necesarios para la entrada en vigor del Acuerdo entre &hellip; <a href=\"https:\/\/www.biblia.work\/sermones\/acuerdo-entre-la-santa-sede-y-la-republica-de-china\/\" class=\"more-link\">Continuar leyendo<span class=\"screen-reader-text\"> \u00abAcuerdo entre la Santa Sede y la Rep\u00fablica de China\u00bb<\/span><\/a><\/p>\n","protected":false},"author":1,"featured_media":0,"comment_status":"open","ping_status":"closed","sticky":false,"template":"","format":"standard","meta":{"footnotes":""},"categories":[1],"tags":[],"class_list":["post-38541","post","type-post","status-publish","format-standard","hentry","category-general"],"_links":{"self":[{"href":"https:\/\/www.biblia.work\/sermones\/wp-json\/wp\/v2\/posts\/38541","targetHints":{"allow":["GET"]}}],"collection":[{"href":"https:\/\/www.biblia.work\/sermones\/wp-json\/wp\/v2\/posts"}],"about":[{"href":"https:\/\/www.biblia.work\/sermones\/wp-json\/wp\/v2\/types\/post"}],"author":[{"embeddable":true,"href":"https:\/\/www.biblia.work\/sermones\/wp-json\/wp\/v2\/users\/1"}],"replies":[{"embeddable":true,"href":"https:\/\/www.biblia.work\/sermones\/wp-json\/wp\/v2\/comments?post=38541"}],"version-history":[{"count":0,"href":"https:\/\/www.biblia.work\/sermones\/wp-json\/wp\/v2\/posts\/38541\/revisions"}],"wp:attachment":[{"href":"https:\/\/www.biblia.work\/sermones\/wp-json\/wp\/v2\/media?parent=38541"}],"wp:term":[{"taxonomy":"category","embeddable":true,"href":"https:\/\/www.biblia.work\/sermones\/wp-json\/wp\/v2\/categories?post=38541"},{"taxonomy":"post_tag","embeddable":true,"href":"https:\/\/www.biblia.work\/sermones\/wp-json\/wp\/v2\/tags?post=38541"}],"curies":[{"name":"wp","href":"https:\/\/api.w.org\/{rel}","templated":true}]}}