{"id":38543,"date":"2016-06-21T18:02:21","date_gmt":"2016-06-21T23:02:21","guid":{"rendered":"http:\/\/www.biblia.work\/sermones\/primer-encuentro-entre-el-papa-y-el-presidente-palestino-tras-la-resolucion-de-la-onu\/"},"modified":"2016-06-21T18:02:21","modified_gmt":"2016-06-21T23:02:21","slug":"primer-encuentro-entre-el-papa-y-el-presidente-palestino-tras-la-resolucion-de-la-onu","status":"publish","type":"post","link":"https:\/\/www.biblia.work\/sermones\/primer-encuentro-entre-el-papa-y-el-presidente-palestino-tras-la-resolucion-de-la-onu\/","title":{"rendered":"Primer encuentro entre el Papa y el presidente palestino tras la resoluci\u00f3n de la ONU"},"content":{"rendered":"<p align=\"justify\"><strong>Benedicto XVI<\/strong> se reuni\u00f3 hoy con el l\u00edder palestino,<strong> Mahmud Ab\u00e1s<\/strong>, con quien coincidi\u00f3 en la necesidad de que la admisi\u00f3n de Palestina como Estado observador no miembro de la ONU &#8220;anime el compromiso de la comunidad internacional para una soluci\u00f3n justa y duradera del conflicto israelo-palestino&#8221;.<\/p>\n<p align=\"justify\">As\u00ed lo se\u00f1al\u00f3 el Vaticano en un comunicado tras la entrevista que mantuvieron a solas durante 25 minutos el papa y el presidente de la Autoridad Nacional Palestina (ANP), la sexta vez que se re\u00fanen.<\/p>\n<p align=\"justify\">Tras el coloquio, celebrado en un ambiente de &#8220;cordialidad&#8221;, seg\u00fan precis\u00f3 el Vaticano, el dirigente de la ANP se reuni\u00f3 con el secretario de Estado (&#8220;primer ministro&#8221;), el cardenal Tarcisio Bertone, y el &#8220;ministro de Exteriores&#8221;, el arzobispo Dominique Mamberti.<\/p>\n<p align=\"justify\">&#8220;Durante el cordial coloquio se analiz\u00f3 la reciente resoluci\u00f3n aprobada por la Asamblea General de la ONU que reconoce a Palestina como Estado observador no miembro. Se desea que esa iniciativa anime el compromiso de la comunidad internacional para una soluci\u00f3n justa y duradera del conflicto israelo-palestino, que solo podr\u00e1 alcanzarse reanudando con buena fe las negociaciones entre las partes, respetando los derechos de todos&#8221;.<\/p>\n<p align=\"justify\">Benedicto XVI y Ab\u00e1s tambi\u00e9n analizaron la situaci\u00f3n en la regi\u00f3n, &#8220;atormentada por tantos conflictos, auspiciando la valent\u00eda de la reconciliaci\u00f3n y la paz&#8221;.<\/p>\n<p align=\"justify\">Asimismo hablaron sobre la contribuci\u00f3n que las comunidades cristianas &#8220;hacen al bien com\u00fan de la sociedad&#8221; en los Territorios Palestinos y en todo Oriente Medio.<\/p>\n<p align=\"justify\">Ab\u00e1s lleg\u00f3 al Vaticano a media ma\u00f1ana, acompa\u00f1ado de un s\u00e9quito de ocho personas y en medio de fuertes medidas de seguridad.<\/p>\n<p align=\"justify\">&#8220;Bienvenido, es un placer verle de nuevo&#8221;, le dijo el papa cuando le recibi\u00f3 en la Sala de Tronetto, anexa al lugar del encuentro. Ab\u00e1s le respondi\u00f3: &#8220;Estoy muy contento por verle de nuevo&#8221;.<\/p>\n<p align=\"justify\">El presidente de la Autoridad Nacional Palestina regal\u00f3 al Pont\u00edfice un mosaico de cer\u00e1mica que reproduce el Santo Sepulcro de Jerusal\u00e9n.<\/p>\n<p align=\"justify\">Benedicto XVI, que le agradeci\u00f3 el regalo con un &#8220;muy bonito, gracias&#8221;, le correspondi\u00f3 con un cuadro sobre una vista de las monumentales fuentes de los Jardines Vaticanos.<\/p>\n<p align=\"justify\">Esta ha sido la sexta vez que se han reunido Benedicto XVI y Ab\u00e1s (Abu Mazen). La primera fue el 3 de diciembre de 2005, cuando el l\u00edder palestino invit\u00f3 al papa a visitar Jerusal\u00e9n y Bel\u00e9n y le entreg\u00f3 un pasaporte especial emitido por la ANP.<\/p>\n<p align=\"justify\">El pasado 29 de noviembre la Santa Sede acogi\u00f3 &#8220;favorablemente&#8221; la votaci\u00f3n de la Asamblea General de Naciones Unidas por la que Palestina se convirti\u00f3 en Estado observador no miembro y record\u00f3 su posici\u00f3n de que se conceda a Jerusal\u00e9n un estatuto especial garantizado internacionalmente.<\/p>\n<p align=\"justify\">La Santa Sede consider\u00f3 que la aprobaci\u00f3n se enmarca en el contexto de los esfuerzos &#8220;para dar una soluci\u00f3n definitiva, con el apoyo de la comunidad internacional, a la cuesti\u00f3n ya tratada por la Resoluci\u00f3n 181 de la Asamblea General de la ONU del 29 de noviembre de 1947&#8221;.<\/p>\n<p align=\"justify\">&#8220;Ese documento es la base jur\u00eddica para la existencia de dos Estados, uno de los cuales no se ha constituido en los sucesivos 65 a\u00f1os, mientras que el otro ya ha visto la luz&#8221;, subray\u00f3 la Santa Sede ese d\u00eda en un amplio comunicado.<\/p>\n<p align=\"justify\">La Santa Sede se mostr\u00f3 &#8220;convencida&#8221; de que el resultado de la votaci\u00f3n &#8220;no constituye, de por si&#8221;, una soluci\u00f3n suficiente para los problemas existentes en la regi\u00f3n y que los mismos s\u00f3lo se podr\u00e1n resolver mediante el compromiso &#8220;efectivo&#8221; de construir la paz y la estabilidad &#8220;mediante la justicia y respetando las leg\u00edtimas aspiraciones de los israel\u00edes y de los palestinos&#8221;.<\/p>\n<p align=\"justify\">Adem\u00e1s de expresar su satisfacci\u00f3n, la Santa Sede agreg\u00f3 que la entrada de Palestina como Estado observador no miembro es la &#8220;ocasi\u00f3n propicia&#8221; para recordar su posici\u00f3n com\u00fan con la Organizaci\u00f3n para la Liberaci\u00f3n Palestina a favor del reconocimiento de un estatuto especial garantizado internacionalmente para la ciudad de Jerusal\u00e9n.<\/p>\n","protected":false},"excerpt":{"rendered":"<p>Benedicto XVI se reuni\u00f3 hoy con el l\u00edder palestino, Mahmud Ab\u00e1s, con quien coincidi\u00f3 en la necesidad de que la admisi\u00f3n de Palestina como Estado observador no miembro de la ONU &#8220;anime el compromiso de la comunidad internacional para una soluci\u00f3n justa y duradera del conflicto israelo-palestino&#8221;. As\u00ed lo se\u00f1al\u00f3 el Vaticano en un comunicado &hellip; <a href=\"https:\/\/www.biblia.work\/sermones\/primer-encuentro-entre-el-papa-y-el-presidente-palestino-tras-la-resolucion-de-la-onu\/\" class=\"more-link\">Continuar leyendo<span class=\"screen-reader-text\"> \u00abPrimer encuentro entre el Papa y el presidente palestino tras la resoluci\u00f3n de la ONU\u00bb<\/span><\/a><\/p>\n","protected":false},"author":1,"featured_media":0,"comment_status":"open","ping_status":"closed","sticky":false,"template":"","format":"standard","meta":{"footnotes":""},"categories":[1],"tags":[],"class_list":["post-38543","post","type-post","status-publish","format-standard","hentry","category-general"],"_links":{"self":[{"href":"https:\/\/www.biblia.work\/sermones\/wp-json\/wp\/v2\/posts\/38543","targetHints":{"allow":["GET"]}}],"collection":[{"href":"https:\/\/www.biblia.work\/sermones\/wp-json\/wp\/v2\/posts"}],"about":[{"href":"https:\/\/www.biblia.work\/sermones\/wp-json\/wp\/v2\/types\/post"}],"author":[{"embeddable":true,"href":"https:\/\/www.biblia.work\/sermones\/wp-json\/wp\/v2\/users\/1"}],"replies":[{"embeddable":true,"href":"https:\/\/www.biblia.work\/sermones\/wp-json\/wp\/v2\/comments?post=38543"}],"version-history":[{"count":0,"href":"https:\/\/www.biblia.work\/sermones\/wp-json\/wp\/v2\/posts\/38543\/revisions"}],"wp:attachment":[{"href":"https:\/\/www.biblia.work\/sermones\/wp-json\/wp\/v2\/media?parent=38543"}],"wp:term":[{"taxonomy":"category","embeddable":true,"href":"https:\/\/www.biblia.work\/sermones\/wp-json\/wp\/v2\/categories?post=38543"},{"taxonomy":"post_tag","embeddable":true,"href":"https:\/\/www.biblia.work\/sermones\/wp-json\/wp\/v2\/tags?post=38543"}],"curies":[{"name":"wp","href":"https:\/\/api.w.org\/{rel}","templated":true}]}}