{"id":38544,"date":"2016-06-21T18:02:25","date_gmt":"2016-06-21T23:02:25","guid":{"rendered":"http:\/\/www.biblia.work\/sermones\/saludo-en-espanol-del-papa-tras-el-angelus-del-domingo-16-12-2012\/"},"modified":"2016-06-21T18:02:25","modified_gmt":"2016-06-21T23:02:25","slug":"saludo-en-espanol-del-papa-tras-el-angelus-del-domingo-16-12-2012","status":"publish","type":"post","link":"https:\/\/www.biblia.work\/sermones\/saludo-en-espanol-del-papa-tras-el-angelus-del-domingo-16-12-2012\/","title":{"rendered":"Saludo en espa\u00f1ol del Papa tras el \u00c1ngelus del domingo 16-12-2012"},"content":{"rendered":"<p align=\"justify\">Saludo cordialmente a los peregrinos de lengua espa\u00f1ola presentes en esta oraci\u00f3n mariana, en particular a los fieles de diversas parroquias de Valencia. Cercana ya la Navidad, la liturgia repite este domingo las palabras del Ap\u00f3stol Pablo: \u00ab<em>Gaudete<\/em>\u00bb, estad alegres. El Se\u00f1or est\u00e1 cerca.<\/p>\n<p align=\"justify\">Es una alegr\u00eda que llena el coraz\u00f3n de quienes, aun en las dificultades, saben que Dios viene a tomarnos de su mano, para no abandonarnos jam\u00e1s. Id preparando el Nacimiento en vuestros hogares con la expectaci\u00f3n y ternura con la que Mar\u00eda esperaba acoger la venida al mundo del Salvador de todos los hombres. Que Ella os acompa\u00f1e y os anime especialmente en estos d\u00edas. Feliz domingo.<\/p>\n","protected":false},"excerpt":{"rendered":"<p>Saludo cordialmente a los peregrinos de lengua espa\u00f1ola presentes en esta oraci\u00f3n mariana, en particular a los fieles de diversas parroquias de Valencia. Cercana ya la Navidad, la liturgia repite este domingo las palabras del Ap\u00f3stol Pablo: \u00abGaudete\u00bb, estad alegres. El Se\u00f1or est\u00e1 cerca. Es una alegr\u00eda que llena el coraz\u00f3n de quienes, aun en &hellip; <a href=\"https:\/\/www.biblia.work\/sermones\/saludo-en-espanol-del-papa-tras-el-angelus-del-domingo-16-12-2012\/\" class=\"more-link\">Continuar leyendo<span class=\"screen-reader-text\"> \u00abSaludo en espa\u00f1ol del Papa tras el \u00c1ngelus del domingo 16-12-2012\u00bb<\/span><\/a><\/p>\n","protected":false},"author":1,"featured_media":0,"comment_status":"open","ping_status":"closed","sticky":false,"template":"","format":"standard","meta":{"footnotes":""},"categories":[1],"tags":[],"class_list":["post-38544","post","type-post","status-publish","format-standard","hentry","category-general"],"_links":{"self":[{"href":"https:\/\/www.biblia.work\/sermones\/wp-json\/wp\/v2\/posts\/38544","targetHints":{"allow":["GET"]}}],"collection":[{"href":"https:\/\/www.biblia.work\/sermones\/wp-json\/wp\/v2\/posts"}],"about":[{"href":"https:\/\/www.biblia.work\/sermones\/wp-json\/wp\/v2\/types\/post"}],"author":[{"embeddable":true,"href":"https:\/\/www.biblia.work\/sermones\/wp-json\/wp\/v2\/users\/1"}],"replies":[{"embeddable":true,"href":"https:\/\/www.biblia.work\/sermones\/wp-json\/wp\/v2\/comments?post=38544"}],"version-history":[{"count":0,"href":"https:\/\/www.biblia.work\/sermones\/wp-json\/wp\/v2\/posts\/38544\/revisions"}],"wp:attachment":[{"href":"https:\/\/www.biblia.work\/sermones\/wp-json\/wp\/v2\/media?parent=38544"}],"wp:term":[{"taxonomy":"category","embeddable":true,"href":"https:\/\/www.biblia.work\/sermones\/wp-json\/wp\/v2\/categories?post=38544"},{"taxonomy":"post_tag","embeddable":true,"href":"https:\/\/www.biblia.work\/sermones\/wp-json\/wp\/v2\/tags?post=38544"}],"curies":[{"name":"wp","href":"https:\/\/api.w.org\/{rel}","templated":true}]}}