{"id":38546,"date":"2016-06-21T18:02:37","date_gmt":"2016-06-21T23:02:37","guid":{"rendered":"http:\/\/www.biblia.work\/sermones\/el-papa-explica-en-una-parroquia-de-roma-las-actitudes-basicas-del-adviento-ante-la-navidad\/"},"modified":"2016-06-21T18:02:37","modified_gmt":"2016-06-21T23:02:37","slug":"el-papa-explica-en-una-parroquia-de-roma-las-actitudes-basicas-del-adviento-ante-la-navidad","status":"publish","type":"post","link":"https:\/\/www.biblia.work\/sermones\/el-papa-explica-en-una-parroquia-de-roma-las-actitudes-basicas-del-adviento-ante-la-navidad\/","title":{"rendered":"El Papa explica en una parroquia de Roma las actitudes b\u00e1sicas del Adviento ante la Navidad"},"content":{"rendered":"<p align=\"justify\">Alegr\u00eda y conversi\u00f3n, solidaridad y justicia, humildad y gratitud, valent\u00eda y fidelidad, ante la manifestaci\u00f3n del Salvador, que con su amor, concebido en el vientre de Mar\u00eda, se alegra con nosotros.<\/p>\n<p align=\"justify\">En el III Domingo de Adviento, que nos invita a la alegr\u00eda, la Iglesia nos hace pregustar precisamente el gozo de la Navidad, ya tan cercana. Lo record\u00f3, esta ma\u00f1ana, Benedicto XVI en la Santa Misa, que celebr\u00f3 en la parroquia romana de San Patricio, que visit\u00f3 pastoralmente, como Obispo de Roma y donde fue recibido con grandes aplausos y mucho cari\u00f1o. En su homil\u00eda, el Santo Padre hizo hincapi\u00e9 en el Amor de Dios a la humanidad:<\/p>\n<p align=\"justify\">\u00abJes\u00fas brinda a los hombres la salvaci\u00f3n, una nueva relaci\u00f3n con Dios que vence el mal y la muerte y trae la verdadera alegr\u00eda por esta presencia del Se\u00f1or que viene a iluminar nuestro camino, que est\u00e1 a menudo oprimido por las tinieblas del ego\u00edsmo\u00bb.<br \/>\nEl Papa invit\u00f3 a percibir la presencia del Se\u00f1or entre nosotros, no es un Dios lejano, sino un Dios con nosotros, en medio de nosotros, que est\u00e1 en la Santa Eucarist\u00eda, con nosotros en la Iglesia viva y nosotros debemos ser portadores de esta presencia de Dios. Dios est\u00e1 con nosotros y es bueno.<\/p>\n<p align=\"justify\">\u00a1Al\u00e9grate y regoc\u00edjate de todo coraz\u00f3n, hija de Jerusal\u00e9n! Con las palabras del profeta Sofon\u00edas y reflexionando sobre las lecturas de este Domingo, el Papa destac\u00f3 la semejanza con el anuncio del \u00c1ngel a Mar\u00eda: \u00ab\u00a1Al\u00e9grate!, llena de gracia, el Se\u00f1or est\u00e1 contigo\u00bb.<\/p>\n<p align=\"justify\">As\u00ed como, tambi\u00e9n san Pablo invita a los cristianos de Filipos a alegrarse porque el Se\u00f1or est\u00e1 cerca:<br \/>\n\u00abDentro de pocos d\u00edas celebraremos la Navidad, la fiesta de la venida de Dios, que se hizo ni\u00f1o y hermano nuestro para estar con nosotros y compartir nuestra condici\u00f3n humana. Debemos alegrarnos por esta cercan\u00eda suya y por su presencia. El Ap\u00f3stol dice con \u00e9nfasis en otra Carta que nada puede separarnos del amor de Dios, que se ha manifestado en Cristo. S\u00f3lo el pecado nos aleja de \u00c9l, pero \u00e9ste es un factor de separaci\u00f3n que nosotros mismos introducimos en nuestra relaci\u00f3n con el Se\u00f1or. E incluso cuando nos apartamos, \u00c9l no cesa de amarnos y sigue estando cerca de nosotros con su misericordia, con su disponibilidad al perd\u00f3n y a volvernos a acoger en su amor\u00bb.<br \/>\nEn este contexto, el Santo Padre se refiri\u00f3 a la exhortaci\u00f3n de san Pablo: \u00abNo se angustien por nada, y en cualquier circunstancia, recurran a la oraci\u00f3n y a la s\u00faplica, acompa\u00f1adas de acci\u00f3n de gracias, para presentar sus peticiones a Dios\u00bb:<br \/>\n\u00abLa alegr\u00eda que el Se\u00f1or nos comunica debe encontrar en nosotros amor agradecido. De hecho, la alegr\u00eda es completa cuando reconocemos su misericordia y le damos gracias por lo que recibimos de \u00c9l cada d\u00eda. El que recibe los dones de Dios de una manera ego\u00edsta, no encuentra la verdadera alegr\u00eda; mientras que, aquel que en los dones recibidos encuentra la ocasi\u00f3n para amarlo con sincera gratitud y para comunicar a los dem\u00e1s su amor, \u00e9l tiene un coraz\u00f3n que est\u00e1 realmente lleno de alegr\u00eda \u00a1Record\u00e9moslo!\u00bb.<\/p>\n<p align=\"justify\">Con el Evangelio de este Domingo, Benedicto XVI reiter\u00f3 que para recibir al Se\u00f1or que viene debemos prepararnos, reflexionando sobre nuestra conducta de vida: \u00abDios no exige nada extraordinario, sino que cada uno viva seg\u00fan criterios de solidaridad y de justicia\u00bb, con \u00abfidelidad y valent\u00eda\u00bb y con \u00abhumildad\u00bb como se\u00f1ala Juan el Bautista, que invita a la conversi\u00f3n, con im\u00e1genes fuertes. No para asustar, sino para impulsar a recibir bien el Amor de Dios:<br \/>\n\u00abDios se hace hombre como nosotros para donarnos una esperanza que es certeza: si lo seguimos, si vivimos con coherencia nuestra vida cristiana, \u00c9l nos atraer\u00e1 hacia S\u00ed, nos conducir\u00e1 a la comuni\u00f3n con \u00c9l. Y en nuestro coraz\u00f3n vibrar\u00e1 la verdadera alegr\u00eda y la verdadera paz, aun en las dificultades y en los momentos de debilidad\u00bb.<\/p>\n<p align=\"justify\">El Santo Padre concluy\u00f3 su homil\u00eda alentando y saludando a los miembros de esta parroquia romana, cuya iglesia se inaugur\u00f3 en 2007. Y tras recordar la importancia de la centralidad de la Eucarist\u00eda en la vida personal y comunitaria, de la acogida de los m\u00e1s necesitados, de los Sacramentos, en especial el de la Reconciliaci\u00f3n, en este tiempo de Adviento, el Papa hizo hincapi\u00e9 en el A\u00f1o de la Fe, que estamos viviendo y dirigi\u00f3 unas palabras de \u00abespecial cari\u00f1o y amistad\u00bb a las familias y a los j\u00f3venes.<\/p>\n<p align=\"justify\">(CdM \u2013 RV)<\/p>\n","protected":false},"excerpt":{"rendered":"<p>Alegr\u00eda y conversi\u00f3n, solidaridad y justicia, humildad y gratitud, valent\u00eda y fidelidad, ante la manifestaci\u00f3n del Salvador, que con su amor, concebido en el vientre de Mar\u00eda, se alegra con nosotros. En el III Domingo de Adviento, que nos invita a la alegr\u00eda, la Iglesia nos hace pregustar precisamente el gozo de la Navidad, ya &hellip; <a href=\"https:\/\/www.biblia.work\/sermones\/el-papa-explica-en-una-parroquia-de-roma-las-actitudes-basicas-del-adviento-ante-la-navidad\/\" class=\"more-link\">Continuar leyendo<span class=\"screen-reader-text\"> \u00abEl Papa explica en una parroquia de Roma las actitudes b\u00e1sicas del Adviento ante la Navidad\u00bb<\/span><\/a><\/p>\n","protected":false},"author":1,"featured_media":0,"comment_status":"open","ping_status":"closed","sticky":false,"template":"","format":"standard","meta":{"footnotes":""},"categories":[1],"tags":[],"class_list":["post-38546","post","type-post","status-publish","format-standard","hentry","category-general"],"_links":{"self":[{"href":"https:\/\/www.biblia.work\/sermones\/wp-json\/wp\/v2\/posts\/38546","targetHints":{"allow":["GET"]}}],"collection":[{"href":"https:\/\/www.biblia.work\/sermones\/wp-json\/wp\/v2\/posts"}],"about":[{"href":"https:\/\/www.biblia.work\/sermones\/wp-json\/wp\/v2\/types\/post"}],"author":[{"embeddable":true,"href":"https:\/\/www.biblia.work\/sermones\/wp-json\/wp\/v2\/users\/1"}],"replies":[{"embeddable":true,"href":"https:\/\/www.biblia.work\/sermones\/wp-json\/wp\/v2\/comments?post=38546"}],"version-history":[{"count":0,"href":"https:\/\/www.biblia.work\/sermones\/wp-json\/wp\/v2\/posts\/38546\/revisions"}],"wp:attachment":[{"href":"https:\/\/www.biblia.work\/sermones\/wp-json\/wp\/v2\/media?parent=38546"}],"wp:term":[{"taxonomy":"category","embeddable":true,"href":"https:\/\/www.biblia.work\/sermones\/wp-json\/wp\/v2\/categories?post=38546"},{"taxonomy":"post_tag","embeddable":true,"href":"https:\/\/www.biblia.work\/sermones\/wp-json\/wp\/v2\/tags?post=38546"}],"curies":[{"name":"wp","href":"https:\/\/api.w.org\/{rel}","templated":true}]}}