{"id":38549,"date":"2016-06-21T18:02:49","date_gmt":"2016-06-21T23:02:49","guid":{"rendered":"http:\/\/www.biblia.work\/sermones\/como-hacer-la-paz-por-el-padre-federico-lombardi\/"},"modified":"2016-06-21T18:02:49","modified_gmt":"2016-06-21T23:02:49","slug":"como-hacer-la-paz-por-el-padre-federico-lombardi","status":"publish","type":"post","link":"https:\/\/www.biblia.work\/sermones\/como-hacer-la-paz-por-el-padre-federico-lombardi\/","title":{"rendered":"C\u00f3mo hacer la paz, por el padre Federico Lombardi"},"content":{"rendered":"<p align=\"justify\">El mensaje del Papa para la pr\u00f3xima Jornada Mundial de la Paz, el 1\u00b0 de enero de 2013, se titula \u201cBienaventurados los que buscan la paz\u201d, como dice la Bienaventuranza evang\u00e9lica. Quienes se encomiendan a Dios y a sus promesas \u201cson considerados frecuentemente por el mundo como ingenuos o alejados de la realidad\u201d y sin embargo \u2013dice el Papa Benedicto- podr\u00e1n vivir \u201cla experiencia gozosa de un don inmenso\u201d.<\/p>\n<p align=\"justify\">El mensaje va contracorriente por muchos aspectos: reafirma que la condici\u00f3n previa de la paz\u201d es \u201cel desmantelamiento de la dictadura del relativismo moral y del presupuesto de una moral totalmente aut\u00f3noma, que cierra las puertas al reconocimiento de la imprescindible ley moral natural inscrita por Dios en la conciencia de cada hombre\u201d. Por esto vuelve a la defensa de la vida, del matrimonio, de la libertad religiosa y del derecho de objeci\u00f3n de consciencia.<\/p>\n<p align=\"justify\">Pero adem\u00e1s, en el contexto actual de crisis, insiste en la funci\u00f3n social del Estado, sobre el derecho al trabajo, sobre el hecho de que la crisis por alimentos es m\u00e1s grave de aquella financiera; sobre la necesidad de un modelo de desarrollo impostado ya no sobre la ganancia y el ego\u00edsmo sino sobre el bien com\u00fan, sobre la fraternidad y el valor del don gratuito. Para la paz se educa con clarividencia en la familia, en la escuela y en la comunidad religiosa y civil; con una verdadera pedagog\u00eda atenta a las palabras, a los gestos, a las actitudes.<\/p>\n<p align=\"justify\">Hace cincuenta a\u00f1os Juan XXIII publicaba la famosa enc\u00edclica \u201c<em>Pacem in terris<\/em>\u201d y dec\u00eda que las columnas de la paz son la verdad, la libertad, el amor y la justicia. Porque la paz es un orden vivificado e integrado por el amor, capaz de sentir propias, las necesidades de los dem\u00e1s y hacer part\u00edcipes a los dem\u00e1s de los propios bienes. Tal vez esto parezca ingenuo, pero todos sabemos que es justo. Una vez m\u00e1s intent\u00e9moslo.<\/p>\n<p align=\"justify\">Traducci\u00f3n: Patricia L. J\u00e1uregui Romero \u2013 Radio Vaticano \/ @pjuregui<\/p>\n","protected":false},"excerpt":{"rendered":"<p>El mensaje del Papa para la pr\u00f3xima Jornada Mundial de la Paz, el 1\u00b0 de enero de 2013, se titula \u201cBienaventurados los que buscan la paz\u201d, como dice la Bienaventuranza evang\u00e9lica. Quienes se encomiendan a Dios y a sus promesas \u201cson considerados frecuentemente por el mundo como ingenuos o alejados de la realidad\u201d y sin &hellip; <a href=\"https:\/\/www.biblia.work\/sermones\/como-hacer-la-paz-por-el-padre-federico-lombardi\/\" class=\"more-link\">Continuar leyendo<span class=\"screen-reader-text\"> \u00abC\u00f3mo hacer la paz, por el padre Federico Lombardi\u00bb<\/span><\/a><\/p>\n","protected":false},"author":1,"featured_media":0,"comment_status":"open","ping_status":"closed","sticky":false,"template":"","format":"standard","meta":{"footnotes":""},"categories":[1],"tags":[],"class_list":["post-38549","post","type-post","status-publish","format-standard","hentry","category-general"],"_links":{"self":[{"href":"https:\/\/www.biblia.work\/sermones\/wp-json\/wp\/v2\/posts\/38549","targetHints":{"allow":["GET"]}}],"collection":[{"href":"https:\/\/www.biblia.work\/sermones\/wp-json\/wp\/v2\/posts"}],"about":[{"href":"https:\/\/www.biblia.work\/sermones\/wp-json\/wp\/v2\/types\/post"}],"author":[{"embeddable":true,"href":"https:\/\/www.biblia.work\/sermones\/wp-json\/wp\/v2\/users\/1"}],"replies":[{"embeddable":true,"href":"https:\/\/www.biblia.work\/sermones\/wp-json\/wp\/v2\/comments?post=38549"}],"version-history":[{"count":0,"href":"https:\/\/www.biblia.work\/sermones\/wp-json\/wp\/v2\/posts\/38549\/revisions"}],"wp:attachment":[{"href":"https:\/\/www.biblia.work\/sermones\/wp-json\/wp\/v2\/media?parent=38549"}],"wp:term":[{"taxonomy":"category","embeddable":true,"href":"https:\/\/www.biblia.work\/sermones\/wp-json\/wp\/v2\/categories?post=38549"},{"taxonomy":"post_tag","embeddable":true,"href":"https:\/\/www.biblia.work\/sermones\/wp-json\/wp\/v2\/tags?post=38549"}],"curies":[{"name":"wp","href":"https:\/\/api.w.org\/{rel}","templated":true}]}}