{"id":38551,"date":"2016-06-21T18:03:03","date_gmt":"2016-06-21T23:03:03","guid":{"rendered":"http:\/\/www.biblia.work\/sermones\/el-arbol-de-navidad-de-2012-de-la-plaza-de-san-pedro-es-de-pescopennataro-isernia-italia\/"},"modified":"2016-06-21T18:03:03","modified_gmt":"2016-06-21T23:03:03","slug":"el-arbol-de-navidad-de-2012-de-la-plaza-de-san-pedro-es-de-pescopennataro-isernia-italia","status":"publish","type":"post","link":"https:\/\/www.biblia.work\/sermones\/el-arbol-de-navidad-de-2012-de-la-plaza-de-san-pedro-es-de-pescopennataro-isernia-italia\/","title":{"rendered":"El \u00e1rbol de Navidad de 2012 de la Plaza de San Pedro es de Pescopennataro, Isernia (Italia)"},"content":{"rendered":"<p align=\"justify\">Este 14 de diciembre, Benedicto XVI recibi\u00f3 en la Sala Clementina del Vaticano a 440 fieles provenientes de Pescopennataro, Isernia, en el Molise, la localidad italiana que este a\u00f1o don\u00f3 el \u00e1rbol de Navidad que adorna la Plaza de San Pedro.En el discurso que les dirigi\u00f3 y tras agradecer por el \u00e1rbol de Navidad donado este a\u00f1o Benedicto XVI record\u00f3 que con la entrega oficial y el encendido de las luces que lo adornan, este \u00e1rbol permanece junto al nacimiento que se est\u00e1 colocando tambi\u00e9n -y como es una tradici\u00f3n &#8211; en la Plaza de San Pedro.<br \/>\nEl Auspicio del Papa en este encuentro fue el de que todos los participantes provenientes de la regi\u00f3n Molise, puedan transcurrir con serena intensidad la Navidad del Se\u00f1or. \u201cEl, seg\u00fan el c\u00e9lebre or\u00e1culo del profeta Isa\u00edas, apareci\u00f3 como una gran luz para \u201cEl pueblo que andaba a oscuras\u201d (cfr Is 9,1).<br \/>\n<em>Dios se hizo hombre y vino entre nosotros para disipar las tinieblas del error y del pecado, llevando a la humanidad su luz divina. Esta luz alt\u00edsima, de la que el \u00e1rbol navide\u00f1o es signo y reclamo, no solo no ha sufrido una bajada de tensi\u00f3n con el pasar de los siglos y de los milenios, sino que sigue resplandeciendo sobre de nosotros iluminando a cada hombre que viene al mundo, especialmente cuando debemos atravesar momentos de incerteza y de dificultad.<\/em><\/p>\n<p align=\"justify\"><em><br \/>\n<\/em><br \/>\nHacia el final de su discurso una vez m\u00e1s el Sucesor de Pedro quiso recordar lo que hemos constatado sucede cuando en las varias \u00e9pocas de la historia se ha tratado de apagar la luz de Dios<\/p>\n<p align=\"justify\"><em>Cuando en las varias \u00e9pocas se ha tentado de apagar la luz de Dios, para encender reflejos ilusorios y enga\u00f1osos, se han abierto las estaciones marcadas por tr\u00e1gicas violencias sobre el hombre. Esto sucede porque cuando se trata de cancelar el nombre de Dios de las p\u00e1ginas de la historia, el resultado es que se trazan renglones torcidos donde tambi\u00e9n las palabra m\u00e1s bellas y nobles pierden su verdadero significado.<br \/>\n<\/em><br \/>\nEl Papa a\u00f1adi\u00f3 que se trata de t\u00e9rminos como \u201clibertad\u201d, \u201cbien com\u00fan\u201d, \u201cjusticia\u201d: que se ven privados del enraizamiento en Dios y en su amor; en el Dios que ha mostrado su rostro en Jesucristo. Estas realidades -puntualiz\u00f3- permanecen muchas veces a merced de los intereses humanos, perdiendo el contacto con las exigencias de verdad y de civil responsabilidad.<\/p>\n<p align=\"justify\">El Papa destac\u00f3 a los presentes que el \u00e1rbol navide\u00f1o que han donado corresponde tambi\u00e9n al \u00c1rbol del A\u00f1o de la fe, por este motivo expres\u00f3 su vivo deseo de que el Se\u00f1or recompense a todos por este don reforzando la fe en sus comunidades. El Papa hizo este auspicio pidiendo tambi\u00e9n la intercesi\u00f3n de la Virgen Mar\u00eda, Ella, dijo, que fue la primera que acogi\u00f3 y sigui\u00f3 al Verbo de Dios hecho hombre.<br \/>\nPor otra parte, esta tarde, a las 16 hora local, ante las m\u00e1s distinguidas autoridades provenientes de Isernia, con la participaci\u00f3n del Secretario General del Gobernatorato del Estado de la Ciudad del Vaticano Mons. Giuseppe Sciacca, tendr\u00e1 lugar la solemne ceremonia con la que se encender\u00e1 el imponente \u00e1rbol. Ser\u00e1 un evento lleno de algarab\u00eda natalicia en el que, adem\u00e1s, se exhibir\u00e1 el Coro Pescolano, y la Banda del Cuerpo de la Gendarmer\u00eda.<\/p>\n<p align=\"right\">Patricia L. J\u00e1uregui Romero \u2013 Radio Vaticano \/ @pjuregui<\/p>\n","protected":false},"excerpt":{"rendered":"<p>Este 14 de diciembre, Benedicto XVI recibi\u00f3 en la Sala Clementina del Vaticano a 440 fieles provenientes de Pescopennataro, Isernia, en el Molise, la localidad italiana que este a\u00f1o don\u00f3 el \u00e1rbol de Navidad que adorna la Plaza de San Pedro.En el discurso que les dirigi\u00f3 y tras agradecer por el \u00e1rbol de Navidad donado &hellip; <a href=\"https:\/\/www.biblia.work\/sermones\/el-arbol-de-navidad-de-2012-de-la-plaza-de-san-pedro-es-de-pescopennataro-isernia-italia\/\" class=\"more-link\">Continuar leyendo<span class=\"screen-reader-text\"> \u00abEl \u00e1rbol de Navidad de 2012 de la Plaza de San Pedro es de Pescopennataro, Isernia (Italia)\u00bb<\/span><\/a><\/p>\n","protected":false},"author":1,"featured_media":0,"comment_status":"open","ping_status":"closed","sticky":false,"template":"","format":"standard","meta":{"footnotes":""},"categories":[1],"tags":[],"class_list":["post-38551","post","type-post","status-publish","format-standard","hentry","category-general"],"_links":{"self":[{"href":"https:\/\/www.biblia.work\/sermones\/wp-json\/wp\/v2\/posts\/38551","targetHints":{"allow":["GET"]}}],"collection":[{"href":"https:\/\/www.biblia.work\/sermones\/wp-json\/wp\/v2\/posts"}],"about":[{"href":"https:\/\/www.biblia.work\/sermones\/wp-json\/wp\/v2\/types\/post"}],"author":[{"embeddable":true,"href":"https:\/\/www.biblia.work\/sermones\/wp-json\/wp\/v2\/users\/1"}],"replies":[{"embeddable":true,"href":"https:\/\/www.biblia.work\/sermones\/wp-json\/wp\/v2\/comments?post=38551"}],"version-history":[{"count":0,"href":"https:\/\/www.biblia.work\/sermones\/wp-json\/wp\/v2\/posts\/38551\/revisions"}],"wp:attachment":[{"href":"https:\/\/www.biblia.work\/sermones\/wp-json\/wp\/v2\/media?parent=38551"}],"wp:term":[{"taxonomy":"category","embeddable":true,"href":"https:\/\/www.biblia.work\/sermones\/wp-json\/wp\/v2\/categories?post=38551"},{"taxonomy":"post_tag","embeddable":true,"href":"https:\/\/www.biblia.work\/sermones\/wp-json\/wp\/v2\/tags?post=38551"}],"curies":[{"name":"wp","href":"https:\/\/api.w.org\/{rel}","templated":true}]}}