{"id":38553,"date":"2016-06-21T18:03:11","date_gmt":"2016-06-21T23:03:11","guid":{"rendered":"http:\/\/www.biblia.work\/sermones\/benedicto-xvi-recibe-a-los-nuevos-embajadores-no-residentes-acreditados-ante-la-santa-sede\/"},"modified":"2016-06-21T18:03:11","modified_gmt":"2016-06-21T23:03:11","slug":"benedicto-xvi-recibe-a-los-nuevos-embajadores-no-residentes-acreditados-ante-la-santa-sede","status":"publish","type":"post","link":"https:\/\/www.biblia.work\/sermones\/benedicto-xvi-recibe-a-los-nuevos-embajadores-no-residentes-acreditados-ante-la-santa-sede\/","title":{"rendered":"Benedicto XVI recibe a los nuevos embajadores no residentes acreditados ante la Santa Sede"},"content":{"rendered":"<p align=\"justify\"><em>El Papa subraya la importancia de la educaci\u00f3n en los nuevos contextos de nuestra \u00e9poca<\/em><\/p>\n<p align=\"justify\"><strong>Benedicto XVI<\/strong> ha recibido esta ma\u00f1ana a los nuevos <strong>embajadores y embajadoras no residentes acreditados ante la Santa Sede<\/strong>: Bizwayo Newton Nkunika (Zambia); Chalermpol Thanchitt (Tailandia);Ravinatha Pandukabhaya Aryasinha (Sri Lanka); Wafic Rida Sa\u00efd (San Vicente y Granadinas); Aminatou Batour\u00e9 Gaoh (Niger) e Ibrahima Sory Sow (Guinea).<\/p>\n<p align=\"justify\">En el discurso dirigido a los diplom\u00e1ticos el Papa ha hablado, sobre todo, del tema de la educaci\u00f3n, uno de los retos principales de nuestra \u00e9poca y que hoy se lleva a cabo \u201c en contextos donde la evoluci\u00f3n de las formas de vida y de conocimiento crea rupturas humanas, culturales, sociales y espirituales sin precedentes en la historia de la humanidad\u201d.<\/p>\n<p align=\"justify\">En este \u00e1mbito ha recordado tambi\u00e9n que las redes sociales \u201ctienden a sustituir los espacios naturales de socialidad y de comunicaci\u00f3n, convirti\u00e9ndose, a menudo en el \u00fanico punto de referencia de la informaci\u00f3n y del conocimiento. La familia y la escuela no parecen ser ya el terreno f\u00e9rtil, primario y natural, donde las j\u00f3venes generaciones adquieren la savita vital para su existencia (&#8230;) La escuela y la universidad parecen haberse vuelto incapaces de proyectos creativos que comporten una teleolog\u00eda trascendental que los atraiga profundamente (&#8230;) El mundo de hoy y los adultos responsables no han sabido darles los puntos de referencia necesarios\u201d.<\/p>\n<p align=\"justify\">Despu\u00e9s de preguntarse si la disfunci\u00f3n de determinadas instituciones y servicios p\u00fablicos y privados no podr\u00eda explicarse \u201cpartiendo de una educaci\u00f3n deficiente y mal asumida\u201d, el Santo Padre ha invitado a los gobernantes de las naciones de procedencia de los embajadores a \u201ccontribuir con valor al progreso de nuestra humanidad favoreciendo la educaci\u00f3n de las nuevas generaciones a trav\u00e9s de la promoci\u00f3n de una sana antropolog\u00eda, base indispensable de cualquier educaci\u00f3n genuina y en consonancia con el patrimonio natural com\u00fan. Esta tarea podr\u00eda partir de una seria reflexi\u00f3n sobre las diversas problem\u00e1ticas de vuestros pa\u00edses respectivos y de las determinadas opciones pol\u00edticas o econ\u00f3micas que pueden socavar, poco a poco, vuestro patrimonios antropol\u00f3gicos y espirituales, patrimonios que han pasado el tamiz de los siglos y se han asentado, pacientemente, sobres unos fundamentos que respetan la esencia de la persona humana en su realidad plural permaneciendo en perfecta armon\u00eda con el cosmos\u201d. \u201cInsto de nuevo a vuestros gobernantes -ha reafirmado el Papa- a tener valor para esforzarse en la consolidaci\u00f3n de la autoridad moral &#8211; entendida como llamamiento a una vida coherente &#8211; necesaria para una educaci\u00f3n verdadera y sana de las generaciones m\u00e1s j\u00f3venes\u201d.<\/p>\n<p align=\"justify\">\u201cNunca se debe olvidar o negar el derecho a una educaci\u00f3n en los valores justos . El deber de educar en estos valores nunca debe ser truncado o debilitado por un inter\u00e9s pol\u00edtico nacional o supranacional. Por esta raz\u00f3n, es necesario educar en la verdad y a la verdad : (&#8230;) la verdad sobre el hombre, la verdad sobre la creaci\u00f3n, la verdad acerca de las instituciones&#8230; Junto con la educaci\u00f3n a la rectitud de coraz\u00f3n y pensamiento, los j\u00f3venes necesitan hoy m\u00e1s que nunca, ser educados en el sentido del esfuerzo y la perseverancia a trav\u00e9s de las dificultades. Tienen que aprender que todo acto de la persona debe ser responsable y coherente con su deseo de infinito, y que este acto forma parte de su crecimiento de cara a la formaci\u00f3n de una humanidad cada vez m\u00e1s fraterna y libre de las tentaciones individualistas y materialistas\u201d.<\/p>\n<p align=\"justify\">&nbsp;<\/p>\n<p align=\"right\">Ciudad del Vaticano, 13 diciembre 2012 (VIS).-<\/p>\n","protected":false},"excerpt":{"rendered":"<p>El Papa subraya la importancia de la educaci\u00f3n en los nuevos contextos de nuestra \u00e9poca Benedicto XVI ha recibido esta ma\u00f1ana a los nuevos embajadores y embajadoras no residentes acreditados ante la Santa Sede: Bizwayo Newton Nkunika (Zambia); Chalermpol Thanchitt (Tailandia);Ravinatha Pandukabhaya Aryasinha (Sri Lanka); Wafic Rida Sa\u00efd (San Vicente y Granadinas); Aminatou Batour\u00e9 Gaoh &hellip; <a href=\"https:\/\/www.biblia.work\/sermones\/benedicto-xvi-recibe-a-los-nuevos-embajadores-no-residentes-acreditados-ante-la-santa-sede\/\" class=\"more-link\">Continuar leyendo<span class=\"screen-reader-text\"> \u00abBenedicto XVI recibe a los nuevos embajadores no residentes acreditados ante la Santa Sede\u00bb<\/span><\/a><\/p>\n","protected":false},"author":1,"featured_media":0,"comment_status":"open","ping_status":"closed","sticky":false,"template":"","format":"standard","meta":{"footnotes":""},"categories":[1],"tags":[],"class_list":["post-38553","post","type-post","status-publish","format-standard","hentry","category-general"],"_links":{"self":[{"href":"https:\/\/www.biblia.work\/sermones\/wp-json\/wp\/v2\/posts\/38553","targetHints":{"allow":["GET"]}}],"collection":[{"href":"https:\/\/www.biblia.work\/sermones\/wp-json\/wp\/v2\/posts"}],"about":[{"href":"https:\/\/www.biblia.work\/sermones\/wp-json\/wp\/v2\/types\/post"}],"author":[{"embeddable":true,"href":"https:\/\/www.biblia.work\/sermones\/wp-json\/wp\/v2\/users\/1"}],"replies":[{"embeddable":true,"href":"https:\/\/www.biblia.work\/sermones\/wp-json\/wp\/v2\/comments?post=38553"}],"version-history":[{"count":0,"href":"https:\/\/www.biblia.work\/sermones\/wp-json\/wp\/v2\/posts\/38553\/revisions"}],"wp:attachment":[{"href":"https:\/\/www.biblia.work\/sermones\/wp-json\/wp\/v2\/media?parent=38553"}],"wp:term":[{"taxonomy":"category","embeddable":true,"href":"https:\/\/www.biblia.work\/sermones\/wp-json\/wp\/v2\/categories?post=38553"},{"taxonomy":"post_tag","embeddable":true,"href":"https:\/\/www.biblia.work\/sermones\/wp-json\/wp\/v2\/tags?post=38553"}],"curies":[{"name":"wp","href":"https:\/\/api.w.org\/{rel}","templated":true}]}}