{"id":38556,"date":"2016-06-21T18:03:28","date_gmt":"2016-06-21T23:03:28","guid":{"rendered":"http:\/\/www.biblia.work\/sermones\/saludos-del-papa-en-distintas-lenguas-al-final-de-la-audiencia-general-miercoles-12-12-2012\/"},"modified":"2016-06-21T18:03:28","modified_gmt":"2016-06-21T23:03:28","slug":"saludos-del-papa-en-distintas-lenguas-al-final-de-la-audiencia-general-miercoles-12-12-2012","status":"publish","type":"post","link":"https:\/\/www.biblia.work\/sermones\/saludos-del-papa-en-distintas-lenguas-al-final-de-la-audiencia-general-miercoles-12-12-2012\/","title":{"rendered":"Saludos del Papa en distintas lenguas al final de la Audiencia General mi\u00e9rcoles 12-12-2012"},"content":{"rendered":"<p align=\"justify\">Saludando en franc\u00e9s a los peregrinos, el Papa ha recordado que \u201cla historia es el tiempo de la presencia de Dios que manifiesta su rostro en Jes\u00fas y le pide al hombre que le reconozca y le siga\u201d. \u201cEl Adviento nos invita a recorrer de nuevo el camino de la presencia de Dios en la historia de la humanidad. Nos recuerda que Dios no est\u00e1 ausente del mundo y no nos abandonar\u00e1 a nosotros mismos. Desde el cielo se inclina sobre nosotros. Viene a nuestro encuentro. Testimoniemos su presencia y hagamos brillar en nuestras vidas la luz que iluminaba la cueva de Bel\u00e9n\u201d.<\/p>\n<p align=\"justify\">Dirigi\u00e9ndose a los peregrinos de lengua inglesa, el Santo Padre ha se\u00f1alado que \u201cel tiempo de Adviento nos invita a contemplar la revelaci\u00f3n del plan salv\u00edfico de Dios. En medio de las distracciones y la superficialidad de nuestro mundo, podemos aprender y reconocerlo, en la fe, la esperanza y el amor y dar testimonio de su presencia\u201d.<\/p>\n<p align=\"justify\">Benedicto XVI ha dado asimismo una cordial bienvenida a los peregrinos de lengua italiana, saludo en particular a las religiosas del Pontificio Instituto para las Misiones Extranjeras y a los artistas de la 20\u00aa edici\u00f3n del Concierto de Navidad patrocinado por la Fundaci\u00f3n &#8220;Don Bosco en el mundo&#8221;. \u201cQueridos hermanos y hermanas, -les ha dicho el Pont\u00edfice- el A\u00f1o de la Fe os animar\u00e1 a continuar la misi\u00f3n de llevar a todos y en todas partes el Evangelio de la salvaci\u00f3n\u201d.<\/p>\n<p align=\"justify\">Por \u00faltimo, el Santo Padre ha tenido un pensamiento para los j\u00f3venes, los enfermos y los reci\u00e9n casados. \u201cHoy celebramos -ha dicho- la fiesta de Nuestra Se\u00f1ora de Guadalupe, Patrona de las Am\u00e9ricas y la estrella de la nueva evangelizaci\u00f3n. Queridos j\u00f3venes, en la escuela de Mar\u00eda aprended a amar y a esperar; queridos enfermos, que la Sant\u00edsima Virgen sea para vosotros compa\u00f1era y consuelo en el sufrimiento y a vosotros, queridos reci\u00e9n casados, confiad a la Madre de Jes\u00fas, vuestro camino conyugal.<br \/>\n(ER \u2013 RV)<\/p>\n","protected":false},"excerpt":{"rendered":"<p>Saludando en franc\u00e9s a los peregrinos, el Papa ha recordado que \u201cla historia es el tiempo de la presencia de Dios que manifiesta su rostro en Jes\u00fas y le pide al hombre que le reconozca y le siga\u201d. \u201cEl Adviento nos invita a recorrer de nuevo el camino de la presencia de Dios en la &hellip; <a href=\"https:\/\/www.biblia.work\/sermones\/saludos-del-papa-en-distintas-lenguas-al-final-de-la-audiencia-general-miercoles-12-12-2012\/\" class=\"more-link\">Continuar leyendo<span class=\"screen-reader-text\"> \u00abSaludos del Papa en distintas lenguas al final de la Audiencia General mi\u00e9rcoles 12-12-2012\u00bb<\/span><\/a><\/p>\n","protected":false},"author":1,"featured_media":0,"comment_status":"open","ping_status":"closed","sticky":false,"template":"","format":"standard","meta":{"footnotes":""},"categories":[1],"tags":[],"class_list":["post-38556","post","type-post","status-publish","format-standard","hentry","category-general"],"_links":{"self":[{"href":"https:\/\/www.biblia.work\/sermones\/wp-json\/wp\/v2\/posts\/38556","targetHints":{"allow":["GET"]}}],"collection":[{"href":"https:\/\/www.biblia.work\/sermones\/wp-json\/wp\/v2\/posts"}],"about":[{"href":"https:\/\/www.biblia.work\/sermones\/wp-json\/wp\/v2\/types\/post"}],"author":[{"embeddable":true,"href":"https:\/\/www.biblia.work\/sermones\/wp-json\/wp\/v2\/users\/1"}],"replies":[{"embeddable":true,"href":"https:\/\/www.biblia.work\/sermones\/wp-json\/wp\/v2\/comments?post=38556"}],"version-history":[{"count":0,"href":"https:\/\/www.biblia.work\/sermones\/wp-json\/wp\/v2\/posts\/38556\/revisions"}],"wp:attachment":[{"href":"https:\/\/www.biblia.work\/sermones\/wp-json\/wp\/v2\/media?parent=38556"}],"wp:term":[{"taxonomy":"category","embeddable":true,"href":"https:\/\/www.biblia.work\/sermones\/wp-json\/wp\/v2\/categories?post=38556"},{"taxonomy":"post_tag","embeddable":true,"href":"https:\/\/www.biblia.work\/sermones\/wp-json\/wp\/v2\/tags?post=38556"}],"curies":[{"name":"wp","href":"https:\/\/api.w.org\/{rel}","templated":true}]}}