{"id":38557,"date":"2016-06-21T18:03:32","date_gmt":"2016-06-21T23:03:32","guid":{"rendered":"http:\/\/www.biblia.work\/sermones\/saludos-en-espanol-de-benedicto-xvi-tras-la-audiencia-general-del-miercoles-12-12-2012\/"},"modified":"2016-06-21T18:03:32","modified_gmt":"2016-06-21T23:03:32","slug":"saludos-en-espanol-de-benedicto-xvi-tras-la-audiencia-general-del-miercoles-12-12-2012","status":"publish","type":"post","link":"https:\/\/www.biblia.work\/sermones\/saludos-en-espanol-de-benedicto-xvi-tras-la-audiencia-general-del-miercoles-12-12-2012\/","title":{"rendered":"Saludos en espa\u00f1ol de Benedicto XVI tras la audiencia general del mi\u00e9rcoles 12-12-2012"},"content":{"rendered":"<p align=\"justify\">Saludo cordialmente a los peregrinos de lengua espa\u00f1ola, en particular a los participantes en el Congreso Internacional promovido por la Pontificia Comisi\u00f3n para Am\u00e9rica Latina, as\u00ed como a las autoridades civiles y eclesi\u00e1sticas, y a los numerosos fieles del Estado de Michoac\u00e1n, M\u00e9xico, que desde esa amada tierra han querido ofrecerme este hermoso Bel\u00e9n artesanal. <\/p>\n<p align=\"justify\">Que Nuestra Se\u00f1ora de Guadalupe vele por la noble Naci\u00f3n mexicana y le conceda unidad, justicia, concordia y paz. Dirijo tambi\u00e9n un afectuoso saludo a los dem\u00e1s grupos provenientes de Espa\u00f1a y otros pa\u00edses latinoamericanos. Exhorto a todos, en este tiempo de Adviento, a dedicarse a la lectura de la Biblia, para recordar la obra de Dios en medio de su pueblo y testimoniar su presencia viva en el mundo. Muchas gracias<em>.<\/em><\/p>\n","protected":false},"excerpt":{"rendered":"<p>Saludo cordialmente a los peregrinos de lengua espa\u00f1ola, en particular a los participantes en el Congreso Internacional promovido por la Pontificia Comisi\u00f3n para Am\u00e9rica Latina, as\u00ed como a las autoridades civiles y eclesi\u00e1sticas, y a los numerosos fieles del Estado de Michoac\u00e1n, M\u00e9xico, que desde esa amada tierra han querido ofrecerme este hermoso Bel\u00e9n artesanal. &hellip; <a href=\"https:\/\/www.biblia.work\/sermones\/saludos-en-espanol-de-benedicto-xvi-tras-la-audiencia-general-del-miercoles-12-12-2012\/\" class=\"more-link\">Continuar leyendo<span class=\"screen-reader-text\"> \u00abSaludos en espa\u00f1ol de Benedicto XVI tras la audiencia general del mi\u00e9rcoles 12-12-2012\u00bb<\/span><\/a><\/p>\n","protected":false},"author":1,"featured_media":0,"comment_status":"open","ping_status":"closed","sticky":false,"template":"","format":"standard","meta":{"footnotes":""},"categories":[1],"tags":[],"class_list":["post-38557","post","type-post","status-publish","format-standard","hentry","category-general"],"_links":{"self":[{"href":"https:\/\/www.biblia.work\/sermones\/wp-json\/wp\/v2\/posts\/38557","targetHints":{"allow":["GET"]}}],"collection":[{"href":"https:\/\/www.biblia.work\/sermones\/wp-json\/wp\/v2\/posts"}],"about":[{"href":"https:\/\/www.biblia.work\/sermones\/wp-json\/wp\/v2\/types\/post"}],"author":[{"embeddable":true,"href":"https:\/\/www.biblia.work\/sermones\/wp-json\/wp\/v2\/users\/1"}],"replies":[{"embeddable":true,"href":"https:\/\/www.biblia.work\/sermones\/wp-json\/wp\/v2\/comments?post=38557"}],"version-history":[{"count":0,"href":"https:\/\/www.biblia.work\/sermones\/wp-json\/wp\/v2\/posts\/38557\/revisions"}],"wp:attachment":[{"href":"https:\/\/www.biblia.work\/sermones\/wp-json\/wp\/v2\/media?parent=38557"}],"wp:term":[{"taxonomy":"category","embeddable":true,"href":"https:\/\/www.biblia.work\/sermones\/wp-json\/wp\/v2\/categories?post=38557"},{"taxonomy":"post_tag","embeddable":true,"href":"https:\/\/www.biblia.work\/sermones\/wp-json\/wp\/v2\/tags?post=38557"}],"curies":[{"name":"wp","href":"https:\/\/api.w.org\/{rel}","templated":true}]}}