{"id":38558,"date":"2016-06-21T18:03:36","date_gmt":"2016-06-21T23:03:36","guid":{"rendered":"http:\/\/www.biblia.work\/sermones\/cronica-y-sintesis-de-la-catequesis-de-benedicto-xvi-en-la-audiencia-general-del-miercoles-12-12-2012\/"},"modified":"2016-06-21T18:03:36","modified_gmt":"2016-06-21T23:03:36","slug":"cronica-y-sintesis-de-la-catequesis-de-benedicto-xvi-en-la-audiencia-general-del-miercoles-12-12-2012","status":"publish","type":"post","link":"https:\/\/www.biblia.work\/sermones\/cronica-y-sintesis-de-la-catequesis-de-benedicto-xvi-en-la-audiencia-general-del-miercoles-12-12-2012\/","title":{"rendered":"Cr\u00f3nica y s\u00edntesis de la catequesis de Benedicto XVI en la audiencia general del mi\u00e9rcoles 12-12-2012"},"content":{"rendered":"<p align=\"justify\">Las etapas de la Revelaci\u00f3n, que se nos muestran en las Escrituras y que tienen su culmen en el adviento de Nuestro Se\u00f1or seg\u00fan la carne, fue el tema que propuso el Santo Padre en su catequesis de la audiencia general de esta ma\u00f1ana. Ante la presencia de varios miles de fieles y peregrinos procedentes de numerosos pa\u00edses, el Obispo de Roma record\u00f3 que la Palabra de Dios nos invita a hacer memoria de los hechos narrados en ella, a verlos como \u201chistoria de la salvaci\u00f3n\u201d. <\/p>\n<p align=\"justify\">Como es costumbre, Su Santidad dirigi\u00f3 un pensamiento especial a los j\u00f3venes, enfermos y reci\u00e9n casados presentes en el Aula Pablo VI del Vaticano. Y record\u00f3 que hoy celebramos la memoria lit\u00fargica de la Virgen de Guadalupe, Patrona de las Am\u00e9ricas y Estrella de la nueva evangelizaci\u00f3n. En esta ocasi\u00f3n el Papa pidi\u00f3 a los j\u00f3venes que \u201cen la escuela de Mar\u00eda aprendan a amar y a esperar\u201d. A los queridos enfermos les dese\u00f3 que la Sant\u00edsima Virgen los acompa\u00f1e y consuele en sus sufrimientos; mientras a los reci\u00e9n casados les recomend\u00f3 que encomienden a la Madre de Jes\u00fas su camino conyugal.<\/p>\n<p align=\"justify\">En nuestro idioma, Benedicto XVI salud\u00f3 asimismo a los participantes en el Congreso Internacional promovido por la Pontificia Comisi\u00f3n para Am\u00e9rica Latina, as\u00ed como a las autoridades civiles y eclesi\u00e1sticas, y a los numerosos fieles del Estado mexicano de Michoac\u00e1n, que le han regalado un Bel\u00e9n artesanal. Por esta raz\u00f3n, el Papa dese\u00f3 que Nuestra Se\u00f1ora de Guadalupe \u201cvele por la noble Naci\u00f3n mexicana y le conceda unidad, justicia, concordia y paz\u201d.<\/p>\n<p align=\"justify\"><em>Queridos hermanos y hermanas:<\/em><\/p>\n<p align=\"justify\"><em>Hoy quiero meditar sobre las etapas de la Revelaci\u00f3n, que se nos muestran en las Escrituras y que tienen su culmen en el adviento de Nuestro Se\u00f1or seg\u00fan la carne. El Evangelio que hemos escuchado nos lo recuerda: \u00abSe ha cumplido el tiempo y est\u00e1 cerca el reino de Dios\u00bb. Desde Cristo, la historia se ilumina, mostr\u00e1ndonos una presencia que le da significado y la abre a la esperanza. La Palabra de Dios nos invita a hacer memoria de los hechos narrados en ella, a verlos como \u00abhistoria de la salvaci\u00f3n\u00bb. Son hechos que han trasformado Israel, lo han llamado a servir a Dios y a testimoniarlo en medio a los otros pueblos. Al celebrarlos, el pueblo los actualiza y los hace presentes. En el Catecismo de la Iglesia cat\u00f3lica, podemos releer sint\u00e9ticamente estas etapas, para profundizar en el proyecto de salvaci\u00f3n que Dios dirige a todos.<\/em><\/p>\n","protected":false},"excerpt":{"rendered":"<p>Las etapas de la Revelaci\u00f3n, que se nos muestran en las Escrituras y que tienen su culmen en el adviento de Nuestro Se\u00f1or seg\u00fan la carne, fue el tema que propuso el Santo Padre en su catequesis de la audiencia general de esta ma\u00f1ana. Ante la presencia de varios miles de fieles y peregrinos procedentes &hellip; <a href=\"https:\/\/www.biblia.work\/sermones\/cronica-y-sintesis-de-la-catequesis-de-benedicto-xvi-en-la-audiencia-general-del-miercoles-12-12-2012\/\" class=\"more-link\">Continuar leyendo<span class=\"screen-reader-text\"> \u00abCr\u00f3nica y s\u00edntesis de la catequesis de Benedicto XVI en la audiencia general del mi\u00e9rcoles 12-12-2012\u00bb<\/span><\/a><\/p>\n","protected":false},"author":1,"featured_media":0,"comment_status":"open","ping_status":"closed","sticky":false,"template":"","format":"standard","meta":{"footnotes":""},"categories":[1],"tags":[],"class_list":["post-38558","post","type-post","status-publish","format-standard","hentry","category-general"],"_links":{"self":[{"href":"https:\/\/www.biblia.work\/sermones\/wp-json\/wp\/v2\/posts\/38558","targetHints":{"allow":["GET"]}}],"collection":[{"href":"https:\/\/www.biblia.work\/sermones\/wp-json\/wp\/v2\/posts"}],"about":[{"href":"https:\/\/www.biblia.work\/sermones\/wp-json\/wp\/v2\/types\/post"}],"author":[{"embeddable":true,"href":"https:\/\/www.biblia.work\/sermones\/wp-json\/wp\/v2\/users\/1"}],"replies":[{"embeddable":true,"href":"https:\/\/www.biblia.work\/sermones\/wp-json\/wp\/v2\/comments?post=38558"}],"version-history":[{"count":0,"href":"https:\/\/www.biblia.work\/sermones\/wp-json\/wp\/v2\/posts\/38558\/revisions"}],"wp:attachment":[{"href":"https:\/\/www.biblia.work\/sermones\/wp-json\/wp\/v2\/media?parent=38558"}],"wp:term":[{"taxonomy":"category","embeddable":true,"href":"https:\/\/www.biblia.work\/sermones\/wp-json\/wp\/v2\/categories?post=38558"},{"taxonomy":"post_tag","embeddable":true,"href":"https:\/\/www.biblia.work\/sermones\/wp-json\/wp\/v2\/tags?post=38558"}],"curies":[{"name":"wp","href":"https:\/\/api.w.org\/{rel}","templated":true}]}}