{"id":38561,"date":"2016-06-21T18:03:53","date_gmt":"2016-06-21T23:03:53","guid":{"rendered":"http:\/\/www.biblia.work\/sermones\/la-oficina-de-correos-de-la-santa-sede-emite-un-sobre-recuerdo-navidad-2012\/"},"modified":"2016-06-21T18:03:53","modified_gmt":"2016-06-21T23:03:53","slug":"la-oficina-de-correos-de-la-santa-sede-emite-un-sobre-recuerdo-navidad-2012","status":"publish","type":"post","link":"https:\/\/www.biblia.work\/sermones\/la-oficina-de-correos-de-la-santa-sede-emite-un-sobre-recuerdo-navidad-2012\/","title":{"rendered":"La Oficina de Correos de la Santa Sede emite un sobre recuerdo Navidad 2012"},"content":{"rendered":"<p align=\"justify\">Con ocasi\u00f3n de la Navidad, la Oficina de Correos Vaticana emite, como es tradicional, un sobre recuerdo, seg\u00fan informa una nota de la Gobernaci\u00f3n del Estado de la Ciudad del Vaticano.<\/p>\n<p align=\"justify\">En la parte izquierda del sobre hay una reproducci\u00f3n del cuadro \u201cLa Natividad y el viaje de los Reyes Magos\u201d, realizada en t\u00e9mpera y oro sobre tabla, de la Escuela de las Marcas, ( mediados del siglo XVI) conservado en la Pinacoteca de los Museos Vaticanos.<\/p>\n<p align=\"justify\">El sello de 0,60 euros de la serie \u201cNavidad 2012\u201d emitido el 6 de noviembre de 2012 est\u00e1 timbrado con el matasellos postal especial que entrar\u00e1 en vigor el d\u00eda de Navidad. Completan el matasellos la frase en lat\u00edn \u201cChristus Natus est Alleluia\u201d y la inscripci\u00f3n \u201cPoste Vaticane. 25.12. 2012\u201d. En el reverso del sobre, abajo a la derecha, est\u00e1 indicada la sigla PV\/78 para identificarlo.<\/p>\n<p align=\"justify\">El precio de un sobre-recuerdo es 3,50 euros o 5 euros con un envoltorio.<\/p>\n<p align=\"justify\">&nbsp;<\/p>\n<p align=\"right\">Ciudad del Vaticano, 11 diciembre 2012 (VIS).-<\/p>\n","protected":false},"excerpt":{"rendered":"<p>Con ocasi\u00f3n de la Navidad, la Oficina de Correos Vaticana emite, como es tradicional, un sobre recuerdo, seg\u00fan informa una nota de la Gobernaci\u00f3n del Estado de la Ciudad del Vaticano. En la parte izquierda del sobre hay una reproducci\u00f3n del cuadro \u201cLa Natividad y el viaje de los Reyes Magos\u201d, realizada en t\u00e9mpera y &hellip; <a href=\"https:\/\/www.biblia.work\/sermones\/la-oficina-de-correos-de-la-santa-sede-emite-un-sobre-recuerdo-navidad-2012\/\" class=\"more-link\">Continuar leyendo<span class=\"screen-reader-text\"> \u00abLa Oficina de Correos de la Santa Sede emite un sobre recuerdo Navidad 2012\u00bb<\/span><\/a><\/p>\n","protected":false},"author":1,"featured_media":0,"comment_status":"open","ping_status":"closed","sticky":false,"template":"","format":"standard","meta":{"footnotes":""},"categories":[1],"tags":[],"class_list":["post-38561","post","type-post","status-publish","format-standard","hentry","category-general"],"_links":{"self":[{"href":"https:\/\/www.biblia.work\/sermones\/wp-json\/wp\/v2\/posts\/38561","targetHints":{"allow":["GET"]}}],"collection":[{"href":"https:\/\/www.biblia.work\/sermones\/wp-json\/wp\/v2\/posts"}],"about":[{"href":"https:\/\/www.biblia.work\/sermones\/wp-json\/wp\/v2\/types\/post"}],"author":[{"embeddable":true,"href":"https:\/\/www.biblia.work\/sermones\/wp-json\/wp\/v2\/users\/1"}],"replies":[{"embeddable":true,"href":"https:\/\/www.biblia.work\/sermones\/wp-json\/wp\/v2\/comments?post=38561"}],"version-history":[{"count":0,"href":"https:\/\/www.biblia.work\/sermones\/wp-json\/wp\/v2\/posts\/38561\/revisions"}],"wp:attachment":[{"href":"https:\/\/www.biblia.work\/sermones\/wp-json\/wp\/v2\/media?parent=38561"}],"wp:term":[{"taxonomy":"category","embeddable":true,"href":"https:\/\/www.biblia.work\/sermones\/wp-json\/wp\/v2\/categories?post=38561"},{"taxonomy":"post_tag","embeddable":true,"href":"https:\/\/www.biblia.work\/sermones\/wp-json\/wp\/v2\/tags?post=38561"}],"curies":[{"name":"wp","href":"https:\/\/api.w.org\/{rel}","templated":true}]}}