{"id":38563,"date":"2016-06-21T18:04:01","date_gmt":"2016-06-21T23:04:01","guid":{"rendered":"http:\/\/www.biblia.work\/sermones\/alocucion-del-santo-padre-benedicto-xvi-a-los-pies-de-la-estatua-de-la-inmaculada-concepcion-en-la-plaza-de-espana-de-roma\/"},"modified":"2016-06-21T18:04:01","modified_gmt":"2016-06-21T23:04:01","slug":"alocucion-del-santo-padre-benedicto-xvi-a-los-pies-de-la-estatua-de-la-inmaculada-concepcion-en-la-plaza-de-espana-de-roma","status":"publish","type":"post","link":"https:\/\/www.biblia.work\/sermones\/alocucion-del-santo-padre-benedicto-xvi-a-los-pies-de-la-estatua-de-la-inmaculada-concepcion-en-la-plaza-de-espana-de-roma\/","title":{"rendered":"Alocuci\u00f3n del Santo Padre Benedicto XVI a los pies de la estatua de la Inmaculada Concepci\u00f3n en la plaza de Espa\u00f1a de Roma"},"content":{"rendered":"<p align=\"justify\">Siempre es un placer especial para reunirnos aqu\u00ed, en la Piazza de Espa\u00f1a, en la fiesta de Mar\u00eda Inmaculada. Reunirnos juntos &#8211; romanos, peregrinos y visitantes &#8211; a los pies de la estatua de nuestra Madre espiritual, nos hace sentir unidos en el signo de la fe. Me gusta subrayarlo en este A\u00f1o de la fe que toda la Iglesia est\u00e1 viviendo. Os saludo con afecto y me gustar\u00eda compartir con ustedes algunos simples pensamientos, sugeridos por el Evangelio de esta solemnidad: el Evangelio de la Anunciaci\u00f3n.<\/p>\n<p align=\"justify\">En primer lugar, nos sorprendente siempre, y nos hace reflexionar, el hecho de que el momento decisivo para el futuro de la humanidad, el momento en que Dios se hizo hombre, est\u00e1 rodeado de un gran silencio. El encuentro entre el mensajero divino y la Virgen Inmaculada pasa totalmente desapercibido: nadie sabe, nadie habla de ello. Es un acontecimiento que, si hubiera sucedido en nuestro tiempo, no dejar\u00eda huella en los peri\u00f3dicos y en las revistas, porque es un misterio que sucede en el silencio. Lo que es realmente grande a menudo pasa desapercibido y el silencio apacible se revela m\u00e1s fruct\u00edfero que la fren\u00e9tica agitaci\u00f3n que caracteriza nuestras ciudades, pero que &#8211; con las debidas proporciones &#8211; se viv\u00eda ya en las grandes ciudades de entonces, como Jerusal\u00e9n. Aquel activismo que nos impide detenernos, estar tranquilos, escuchar el silencio en el que el Se\u00f1or hace o\u00edr su voz discreta.<br \/>\nMar\u00eda, el d\u00eda que recibi\u00f3 el anuncio del \u00c1ngel, estaba recogida y al mismo tiempo abierta a la escucha de Dios. En ella no hab\u00eda obst\u00e1culo alguno, ninguna pantalla, nada que la separa de Dios. Este es el significado de su ser sin pecado original: su relaci\u00f3n con Dios est\u00e1 libre de la m\u00e1s m\u00ednima imperfecci\u00f3n, no hay separaci\u00f3n, no hay sombra de ego\u00edsmo, sino una sinton\u00eda perfecta: su peque\u00f1o coraz\u00f3n humano est\u00e1 perfectamente &#8220;centrado&#8221; en el gran coraz\u00f3n de Dios. As\u00ed que, queridos hermanos y hermanas, venir aqu\u00ed ante este monumento a Mar\u00eda, en el centro de Roma, nos recuerda en primer lugar, que la voz de Dios no se reconoce en el ruido y la agitaci\u00f3n; su dise\u00f1o en nuestra vida personal y social no se percibe qued\u00e1ndose en la superficie, sino yendo a un nivel m\u00e1s profundo, donde las fuerzas no son de \u00edndole econ\u00f3mica o pol\u00edtica, sino morales y espirituales. Es all\u00ed, donde Mar\u00eda nos invita a ir y a sintonizar con la acci\u00f3n de Dios.<br \/>\nHay una segunda cosa, a\u00fan m\u00e1s importante, que la Inmaculada nos dice cuando estamos aqu\u00ed, y es que la salvaci\u00f3n del mundo no es obra del hombre &#8211; de la ciencia, de la tecnolog\u00eda, de la ideolog\u00eda -, sino es por la gracia. \u00bfQu\u00e9 significa esta palabra? Gracia significa el Amor en su pureza y belleza, es Dios tal como se revela en la historia de la salvaci\u00f3n narrada en la Biblia y cumplida en Jesucristo. Mar\u00eda es llamada la &#8220;llena de gracia&#8221; (Lc 1:28) y esta identidad nos recuerda el primado de Dios en nuestra vida y en la historia del mundo, nos recuerda que el poder del amor de Dios es m\u00e1s fuerte que el mal, puede llenar los vac\u00edos que el ego\u00edsmo provoca en la historia de las personas, de las familias, naciones y el mundo. Estos vac\u00edos pueden convertirse en infiernos, donde la vida humana es como si se tirara hacia abajo y hacia la nada, perdiendo el sentido y la luz.<br \/>\nLas falsas soluciones que ofrece el mundo para llenar esos vac\u00edos \u2013 emblem\u00e1tica es la droga &#8211; de hecho ensanchan el abismo. S\u00f3lo el amor nos puede salvar de esta ca\u00edda, pero no un amor cualquiera: un amor que tenga en \u00e9l la pureza de Gracia \u2013 de Dios que transforma y renueva &#8211; y que pueda poner en los pulmones intoxicados nuevo ox\u00edgeno, aire limpio, energ\u00eda nueva de vida. Mar\u00eda nos dice que, por mucho que pueda caer el hombre, nunca es demasiado bajo para Dios, que descendi\u00f3 hasta los infiernos; por mucho que nuestro coraz\u00f3n ande por mal camino, Dios es siempre &#8220;m\u00e1s grande que nuestro coraz\u00f3n&#8221; (1 Juan 3:20). El soplo suave de la Gracia puede dispersar las nubes m\u00e1s negras, puede hacer la vida m\u00e1s hermosa y llena de significado incluso en las situaciones m\u00e1s inhumanas.<\/p>\n<p align=\"justify\">Y aqu\u00ed viene la tercera cosa que nos dice Mar\u00eda Inmaculada: nos habla de la alegr\u00eda, la verdadera alegr\u00eda que se extiende en el coraz\u00f3n liberado del pecado. El pecado trae consigo una tristeza negativa, que nos induce a encerrarnos en s\u00ed mismos. La Gracia trae la verdadera alegr\u00eda que no depende de la posesi\u00f3n de las cosas, sino que tiene sus ra\u00edces en lo m\u00e1s \u00edntimo, en lo m\u00e1s profundo de la persona, y que nada ni nadie puede quitar. El cristianismo es esencialmente un &#8220;evangelio&#8221;, una &#8220;buena noticia&#8221;, mientras que algunos piensan que es un obst\u00e1culo a la alegr\u00eda, ya que lo ven en \u00e9l una serie de prohibiciones y reglas. En realidad, el cristianismo es el anuncio de la victoria de la Gracia sobre el pecado, de la vida sobre la muerte. Y si implica algunos sacrificios y disciplina de la mente, del coraz\u00f3n y del comportamiento, es precisamente porque en el hombre hay la ra\u00edz venenosa del ego\u00edsmo, que perjudica a s\u00ed mismos y a los dem\u00e1s. Por tanto, debemos aprender a decir no a la voz del ego\u00edsmo y a decir s\u00ed a la del amor aut\u00e9ntico. La alegr\u00eda de Mar\u00eda est\u00e1 plena, porque en su coraz\u00f3n no hay sombra de pecado. Esta alegr\u00eda coincide con la presencia de Jes\u00fas en su vida: Jes\u00fas concebido y llevado en el vientre, despu\u00e9s ni\u00f1o confiado a sus cuidados maternos, adolescente y joven y hombre maduro. Jes\u00fas que parte de casa, seguido a distancia con la fe hasta la Cruz y la Resurrecci\u00f3n: Jes\u00fas es la alegr\u00eda de Mar\u00eda y la alegr\u00eda de la Iglesia.<\/p>\n<p align=\"justify\">Que en este tiempo de Adviento, Mar\u00eda Inmaculada nos ense\u00f1e a escuchar la voz de Dios que habla en el silencio para recibir su Gracia, que nos libera del pecado y del ego\u00edsmo, para gozar as\u00ed la verdadera alegr\u00eda. Mar\u00eda, llena de gracia, ruega por nosotros!<br \/>\n(Traducci\u00f3n del italiano: Eduardo Rubi\u00f3- RV)<\/p>\n","protected":false},"excerpt":{"rendered":"<p>Siempre es un placer especial para reunirnos aqu\u00ed, en la Piazza de Espa\u00f1a, en la fiesta de Mar\u00eda Inmaculada. Reunirnos juntos &#8211; romanos, peregrinos y visitantes &#8211; a los pies de la estatua de nuestra Madre espiritual, nos hace sentir unidos en el signo de la fe. Me gusta subrayarlo en este A\u00f1o de la &hellip; <a href=\"https:\/\/www.biblia.work\/sermones\/alocucion-del-santo-padre-benedicto-xvi-a-los-pies-de-la-estatua-de-la-inmaculada-concepcion-en-la-plaza-de-espana-de-roma\/\" class=\"more-link\">Continuar leyendo<span class=\"screen-reader-text\"> \u00abAlocuci\u00f3n del Santo Padre Benedicto XVI a los pies de la estatua de la Inmaculada Concepci\u00f3n en la plaza de Espa\u00f1a de Roma\u00bb<\/span><\/a><\/p>\n","protected":false},"author":1,"featured_media":0,"comment_status":"open","ping_status":"closed","sticky":false,"template":"","format":"standard","meta":{"footnotes":""},"categories":[1],"tags":[],"class_list":["post-38563","post","type-post","status-publish","format-standard","hentry","category-general"],"_links":{"self":[{"href":"https:\/\/www.biblia.work\/sermones\/wp-json\/wp\/v2\/posts\/38563","targetHints":{"allow":["GET"]}}],"collection":[{"href":"https:\/\/www.biblia.work\/sermones\/wp-json\/wp\/v2\/posts"}],"about":[{"href":"https:\/\/www.biblia.work\/sermones\/wp-json\/wp\/v2\/types\/post"}],"author":[{"embeddable":true,"href":"https:\/\/www.biblia.work\/sermones\/wp-json\/wp\/v2\/users\/1"}],"replies":[{"embeddable":true,"href":"https:\/\/www.biblia.work\/sermones\/wp-json\/wp\/v2\/comments?post=38563"}],"version-history":[{"count":0,"href":"https:\/\/www.biblia.work\/sermones\/wp-json\/wp\/v2\/posts\/38563\/revisions"}],"wp:attachment":[{"href":"https:\/\/www.biblia.work\/sermones\/wp-json\/wp\/v2\/media?parent=38563"}],"wp:term":[{"taxonomy":"category","embeddable":true,"href":"https:\/\/www.biblia.work\/sermones\/wp-json\/wp\/v2\/categories?post=38563"},{"taxonomy":"post_tag","embeddable":true,"href":"https:\/\/www.biblia.work\/sermones\/wp-json\/wp\/v2\/tags?post=38563"}],"curies":[{"name":"wp","href":"https:\/\/api.w.org\/{rel}","templated":true}]}}