{"id":38565,"date":"2016-06-21T18:04:14","date_gmt":"2016-06-21T23:04:14","guid":{"rendered":"http:\/\/www.biblia.work\/sermones\/carta-de-la-santa-sede-por-la-muerte-del-patriarca-ignacio-hazim-iv\/"},"modified":"2016-06-21T18:04:14","modified_gmt":"2016-06-21T23:04:14","slug":"carta-de-la-santa-sede-por-la-muerte-del-patriarca-ignacio-hazim-iv","status":"publish","type":"post","link":"https:\/\/www.biblia.work\/sermones\/carta-de-la-santa-sede-por-la-muerte-del-patriarca-ignacio-hazim-iv\/","title":{"rendered":"Carta de la Santa Sede por la muerte del patriarca Ignacio Hazim IV"},"content":{"rendered":"<p align=\"justify\">Se ha publicado hoy la carta pontificia de Benedicto XVI al <strong>Metropolitano Spyridon de Heliopolis <\/strong>con motivo del fallecimiento, el 5 de diciembre a los 92 a\u00f1os, de Su Beatitud el arzobispo <strong>Ignacio Hazim IV<\/strong>, Patriarca griego-ortodoxo de Antioqu\u00eda y todo Oriente.<\/p>\n<p align=\"justify\">En el texto el Santo Padre recuerda que \u201cdurante su larga vida al servicio del Evangelio, el difunto Patriarca dio un claro testimonio de la fe y de la caridad, trabajando con dedicaci\u00f3n por la elevaci\u00f3n espiritual de la grey que se le hab\u00eda confiado y por la gran causa de la reconciliaci\u00f3n y la paz entre los hombres\u201d.<\/p>\n<p align=\"justify\">\u201cDoy gracias al Se\u00f1or por su contribuci\u00f3n positiva y eficaz al proceso acercamiento entre nuestras dos Iglesias. !Que su recuerdo nos invite igualmente a seguir el camino del di\u00e1logo y la b\u00fasqueda de la plena comuni\u00f3n en Cristo!, concluye el pont\u00edfice.<\/p>\n<p align=\"justify\">&nbsp;<\/p>\n<p align=\"right\">Ciudad del Vaticano, 7 diciembre 2012 (VIS).-<\/p>\n<p align=\"justify\">&nbsp;<\/p>\n","protected":false},"excerpt":{"rendered":"<p>Se ha publicado hoy la carta pontificia de Benedicto XVI al Metropolitano Spyridon de Heliopolis con motivo del fallecimiento, el 5 de diciembre a los 92 a\u00f1os, de Su Beatitud el arzobispo Ignacio Hazim IV, Patriarca griego-ortodoxo de Antioqu\u00eda y todo Oriente. En el texto el Santo Padre recuerda que \u201cdurante su larga vida al &hellip; <a href=\"https:\/\/www.biblia.work\/sermones\/carta-de-la-santa-sede-por-la-muerte-del-patriarca-ignacio-hazim-iv\/\" class=\"more-link\">Continuar leyendo<span class=\"screen-reader-text\"> \u00abCarta de la Santa Sede por la muerte del patriarca Ignacio Hazim IV\u00bb<\/span><\/a><\/p>\n","protected":false},"author":1,"featured_media":0,"comment_status":"open","ping_status":"closed","sticky":false,"template":"","format":"standard","meta":{"footnotes":""},"categories":[1],"tags":[],"class_list":["post-38565","post","type-post","status-publish","format-standard","hentry","category-general"],"_links":{"self":[{"href":"https:\/\/www.biblia.work\/sermones\/wp-json\/wp\/v2\/posts\/38565","targetHints":{"allow":["GET"]}}],"collection":[{"href":"https:\/\/www.biblia.work\/sermones\/wp-json\/wp\/v2\/posts"}],"about":[{"href":"https:\/\/www.biblia.work\/sermones\/wp-json\/wp\/v2\/types\/post"}],"author":[{"embeddable":true,"href":"https:\/\/www.biblia.work\/sermones\/wp-json\/wp\/v2\/users\/1"}],"replies":[{"embeddable":true,"href":"https:\/\/www.biblia.work\/sermones\/wp-json\/wp\/v2\/comments?post=38565"}],"version-history":[{"count":0,"href":"https:\/\/www.biblia.work\/sermones\/wp-json\/wp\/v2\/posts\/38565\/revisions"}],"wp:attachment":[{"href":"https:\/\/www.biblia.work\/sermones\/wp-json\/wp\/v2\/media?parent=38565"}],"wp:term":[{"taxonomy":"category","embeddable":true,"href":"https:\/\/www.biblia.work\/sermones\/wp-json\/wp\/v2\/categories?post=38565"},{"taxonomy":"post_tag","embeddable":true,"href":"https:\/\/www.biblia.work\/sermones\/wp-json\/wp\/v2\/tags?post=38565"}],"curies":[{"name":"wp","href":"https:\/\/api.w.org\/{rel}","templated":true}]}}