{"id":38566,"date":"2016-06-21T18:04:18","date_gmt":"2016-06-21T23:04:18","guid":{"rendered":"http:\/\/www.biblia.work\/sermones\/georg-ganswein-secretario-personal-del-papa-nuevo-arzobispo-prefecto-de-la-casa-pontificia\/"},"modified":"2016-06-21T18:04:18","modified_gmt":"2016-06-21T23:04:18","slug":"georg-ganswein-secretario-personal-del-papa-nuevo-arzobispo-prefecto-de-la-casa-pontificia","status":"publish","type":"post","link":"https:\/\/www.biblia.work\/sermones\/georg-ganswein-secretario-personal-del-papa-nuevo-arzobispo-prefecto-de-la-casa-pontificia\/","title":{"rendered":"Georg G\u00e4nswein, secretario personal del Papa, Nuevo arzobispo prefecto de la Casa Pontificia"},"content":{"rendered":"<p align=\"justify\">Con fecha 7 de diciembre de 2012, el Papa ha nombrado prefecto de la casa Pontificia a su secretario personal, monse\u00f1or <strong>Georg G\u00e4nswein<\/strong>. Al mismo tiempo lo ha nombrado titular de la sede episcopal de Urbisaglia, con dignidad de arzobispo.<\/p>\n<p align=\"justify\">Desde 1998 era prefecto de la Casa Pontificia el norteamericano James Michael Harvey, nuevo cardenal y arcipreste de la bas\u00edlica papal de San Pablo Extramuros.<\/p>\n<p align=\"justify\">Monse\u00f1or <strong>Georg G\u00e4nswein<\/strong> \u00a0naci\u00f3 en Waldshut (Baden-W\u00fcrttemberg, en Alemania) el 30 de Julio de \u00a01956. Fue ordenado sacerdote el 31 de mayo de 1984, incardin\u00e1ndose en la archidi\u00f3cesis de Friburgo de Brisgovia, en donde fue juez del Tribunal Eclesi\u00e1stico y colaborador personal del arzobispo local.<\/p>\n<p align=\"justify\">Es doctor en Derecho Can\u00f3nico por la Universidad Ludwig-Maximilians de M\u00fanich.<\/p>\n<p align=\"justify\">En 1995 fue llamado a Roma a trabajar en la Congregaci\u00f3n para el Culto Divino y la Disciplina de los Sacramentos y un a\u00f1o despu\u00e9s pas\u00f3 a la Congregaci\u00f3n para la Doctrina de la Fe como secretario particular del prefecto, cardenal <strong>Joseph Ratzinger<\/strong>.<\/p>\n<p align=\"justify\">Desde la elecci\u00f3n de este como Papa, <strong>G\u00e4nswein<\/strong> pas\u00f3 a ser el secretario particular de <strong>Benedicto XVI<\/strong>.<\/p>\n<p align=\"justify\">Monse\u00f1or <strong>G\u00e4nswein <\/strong>conoce las lenguas alemana, italiana, latina, espa\u00f1ola, francesa e inglesa.<\/p>\n<p align=\"justify\">En 1998 el Papa <strong>Juan Pablo II<\/strong> nombr\u00f3 arzobispo prefecto adjunto de la Casa Pontificia a su secretario personal,\u00a0 monse\u00f1or Stanislaw <strong>Dzwisz<\/strong>, actual cardenal arzobispo de Cracovia.<\/p>\n<p align=\"justify\"><strong>\u00a0<\/strong><\/p>\n","protected":false},"excerpt":{"rendered":"<p>Con fecha 7 de diciembre de 2012, el Papa ha nombrado prefecto de la casa Pontificia a su secretario personal, monse\u00f1or Georg G\u00e4nswein. Al mismo tiempo lo ha nombrado titular de la sede episcopal de Urbisaglia, con dignidad de arzobispo. Desde 1998 era prefecto de la Casa Pontificia el norteamericano James Michael Harvey, nuevo cardenal &hellip; <a href=\"https:\/\/www.biblia.work\/sermones\/georg-ganswein-secretario-personal-del-papa-nuevo-arzobispo-prefecto-de-la-casa-pontificia\/\" class=\"more-link\">Continuar leyendo<span class=\"screen-reader-text\"> \u00abGeorg G\u00e4nswein, secretario personal del Papa, Nuevo arzobispo prefecto de la Casa Pontificia\u00bb<\/span><\/a><\/p>\n","protected":false},"author":1,"featured_media":0,"comment_status":"open","ping_status":"closed","sticky":false,"template":"","format":"standard","meta":{"footnotes":""},"categories":[1],"tags":[],"class_list":["post-38566","post","type-post","status-publish","format-standard","hentry","category-general"],"_links":{"self":[{"href":"https:\/\/www.biblia.work\/sermones\/wp-json\/wp\/v2\/posts\/38566","targetHints":{"allow":["GET"]}}],"collection":[{"href":"https:\/\/www.biblia.work\/sermones\/wp-json\/wp\/v2\/posts"}],"about":[{"href":"https:\/\/www.biblia.work\/sermones\/wp-json\/wp\/v2\/types\/post"}],"author":[{"embeddable":true,"href":"https:\/\/www.biblia.work\/sermones\/wp-json\/wp\/v2\/users\/1"}],"replies":[{"embeddable":true,"href":"https:\/\/www.biblia.work\/sermones\/wp-json\/wp\/v2\/comments?post=38566"}],"version-history":[{"count":0,"href":"https:\/\/www.biblia.work\/sermones\/wp-json\/wp\/v2\/posts\/38566\/revisions"}],"wp:attachment":[{"href":"https:\/\/www.biblia.work\/sermones\/wp-json\/wp\/v2\/media?parent=38566"}],"wp:term":[{"taxonomy":"category","embeddable":true,"href":"https:\/\/www.biblia.work\/sermones\/wp-json\/wp\/v2\/categories?post=38566"},{"taxonomy":"post_tag","embeddable":true,"href":"https:\/\/www.biblia.work\/sermones\/wp-json\/wp\/v2\/tags?post=38566"}],"curies":[{"name":"wp","href":"https:\/\/api.w.org\/{rel}","templated":true}]}}