{"id":38567,"date":"2016-06-21T18:04:24","date_gmt":"2016-06-21T23:04:24","guid":{"rendered":"http:\/\/www.biblia.work\/sermones\/el-belen-de-la-plaza-de-san-pedro-de-roma-de-este-ano-es-donado-por-la-basilicata-region-del-sur-de-italia\/"},"modified":"2016-06-21T18:04:24","modified_gmt":"2016-06-21T23:04:24","slug":"el-belen-de-la-plaza-de-san-pedro-de-roma-de-este-ano-es-donado-por-la-basilicata-region-del-sur-de-italia","status":"publish","type":"post","link":"https:\/\/www.biblia.work\/sermones\/el-belen-de-la-plaza-de-san-pedro-de-roma-de-este-ano-es-donado-por-la-basilicata-region-del-sur-de-italia\/","title":{"rendered":"El Bel\u00e9n de la Plaza de San Pedro de Roma de este a\u00f1o es donado por la Basilicata, regi\u00f3n del sur de Italia"},"content":{"rendered":"<p align=\"justify\">La presentaci\u00f3n del Bel\u00e9n ser\u00e1 el jueves 13 de diciembre, en rueda de prensa<\/p>\n<p align=\"justify\">El tradicional Nacimiento que se coloca todos las navidades a los pies del obelisco en la Plaza de San Pedro ser\u00e1 ofrecido este a\u00f1o al Santo Padre por la regi\u00f3n italiana de Basilicata.<\/p>\n<p align=\"justify\">El Nacimiento, que cuenta cien figuras de terracota, es obra del escultor Francesco Artese, uno de los m\u00e1s famosos autores de la escuela meridional de este tipo de obras. La peculiaridad de Artese estriba en la recreaci\u00f3n del paisaje de los \u201cSassi de Matera\u201d y en la puesta en escena de la vida rural. Por lo tanto, el pesebre de la Plaza de San Pedro, reproducir\u00e1 la morfolog\u00eda de un territorio que recuerda mucho los lugares de Tierra Santa.<\/p>\n<p align=\"justify\">\u201cEl paisaje lucano -se lee en una nota informativa- se ha enriquecido gracias a la obra de los religiosos que, decidiendo vivir en ese contexto, transformaron aquellos lugares en una morada humana llena de sacralidad edificando ciento cincuenta y cuatro iglesias rupestres, monasterios y santuarios que desde la Alta Edad Media al siglo XIX delinean la identidad de una vasta \u00e1rea considerado como Patrimonio Mundial de la Humanidad\u201d.<\/p>\n<p align=\"justify\">De ah\u00ed que toda la escenograf\u00eda del Nacimiento de la Plaza de San Pedro, \u201caunque se inspire en un g\u00e9nero iconogr\u00e1fico tradicional, contenga elementos que reproducen las arquitecturas y lugares t\u00edpicos del paisaje lucano. Se reconocen la iglesia rupestre Convicinio de San Antonio y la de San Nicol\u00e1s de los Griegos y por encima de los techos, destaca el campanario de San Pedro Barisano\u201d. El ambiente humano es el de antigua civilizaci\u00f3n campesina lucana y las estatuillas est\u00e1n vestidas con ropas almidonadas, cosidas a mano, inspiradas en los antiguos trajes t\u00edpicos lucanos. Artese ha vestido a la Sagrada Familia con los ropajes de la tradici\u00f3n cl\u00e1sica.<\/p>\n<p align=\"justify\">Como es habitual la instalaci\u00f3n del Nacimiento correr\u00e1 a cargo de los Servicios T\u00e9cnicos de la Gobernaci\u00f3n del Estado de la Ciudad del Vaticano.<\/p>\n","protected":false},"excerpt":{"rendered":"<p>La presentaci\u00f3n del Bel\u00e9n ser\u00e1 el jueves 13 de diciembre, en rueda de prensa El tradicional Nacimiento que se coloca todos las navidades a los pies del obelisco en la Plaza de San Pedro ser\u00e1 ofrecido este a\u00f1o al Santo Padre por la regi\u00f3n italiana de Basilicata. El Nacimiento, que cuenta cien figuras de terracota, &hellip; <a href=\"https:\/\/www.biblia.work\/sermones\/el-belen-de-la-plaza-de-san-pedro-de-roma-de-este-ano-es-donado-por-la-basilicata-region-del-sur-de-italia\/\" class=\"more-link\">Continuar leyendo<span class=\"screen-reader-text\"> \u00abEl Bel\u00e9n de la Plaza de San Pedro de Roma de este a\u00f1o es donado por la Basilicata, regi\u00f3n del sur de Italia\u00bb<\/span><\/a><\/p>\n","protected":false},"author":1,"featured_media":0,"comment_status":"open","ping_status":"closed","sticky":false,"template":"","format":"standard","meta":{"footnotes":""},"categories":[1],"tags":[],"class_list":["post-38567","post","type-post","status-publish","format-standard","hentry","category-general"],"_links":{"self":[{"href":"https:\/\/www.biblia.work\/sermones\/wp-json\/wp\/v2\/posts\/38567","targetHints":{"allow":["GET"]}}],"collection":[{"href":"https:\/\/www.biblia.work\/sermones\/wp-json\/wp\/v2\/posts"}],"about":[{"href":"https:\/\/www.biblia.work\/sermones\/wp-json\/wp\/v2\/types\/post"}],"author":[{"embeddable":true,"href":"https:\/\/www.biblia.work\/sermones\/wp-json\/wp\/v2\/users\/1"}],"replies":[{"embeddable":true,"href":"https:\/\/www.biblia.work\/sermones\/wp-json\/wp\/v2\/comments?post=38567"}],"version-history":[{"count":0,"href":"https:\/\/www.biblia.work\/sermones\/wp-json\/wp\/v2\/posts\/38567\/revisions"}],"wp:attachment":[{"href":"https:\/\/www.biblia.work\/sermones\/wp-json\/wp\/v2\/media?parent=38567"}],"wp:term":[{"taxonomy":"category","embeddable":true,"href":"https:\/\/www.biblia.work\/sermones\/wp-json\/wp\/v2\/categories?post=38567"},{"taxonomy":"post_tag","embeddable":true,"href":"https:\/\/www.biblia.work\/sermones\/wp-json\/wp\/v2\/tags?post=38567"}],"curies":[{"name":"wp","href":"https:\/\/api.w.org\/{rel}","templated":true}]}}