{"id":38568,"date":"2016-06-21T18:04:28","date_gmt":"2016-06-21T23:04:28","guid":{"rendered":"http:\/\/www.biblia.work\/sermones\/el-papa-llama-a-la-paz-en-kivu-republica-democratica-del-congo\/"},"modified":"2016-06-21T18:04:28","modified_gmt":"2016-06-21T23:04:28","slug":"el-papa-llama-a-la-paz-en-kivu-republica-democratica-del-congo","status":"publish","type":"post","link":"https:\/\/www.biblia.work\/sermones\/el-papa-llama-a-la-paz-en-kivu-republica-democratica-del-congo\/","title":{"rendered":"El Papa llama a la paz en Kivu (Rep\u00fablica Democr\u00e1tica del Congo)"},"content":{"rendered":"<p align=\"justify\">Al t\u00e9rmino de la audiencia general, el Santo Padre hizo un llamamiento por la paz en la Rep\u00fablica Democr\u00e1tica del Congo, donde est\u00e1n escapando miles de civiles mientras se combate en la regi\u00f3n del Norte de Kivu.<br \/>\n\u201cSiguen llegando graves noticias sobre la situaci\u00f3n humanitaria en el Este de la Rep\u00fablica Democr\u00e1tica del Congo que desde hace meses se ha convertido en teatro de choques arados y de violencias. Gran parte de la poblaci\u00f3n carece de los medios de subsistencia primaria y miles de habitantes se ven obligados a abandonar sus propias casas para buscar refugio en otros lugares. Por tanto, renuevo mi llamamiento al di\u00e1logo y a la reconciliaci\u00f3n y pido a la comunidad internacional que se organice para salir al encuentro de las necesidades de la poblaci\u00f3n\u201d.<\/p>\n<p align=\"justify\">(Mar\u00eda Fernanda Bernasconi \u2013 RV).<\/p>\n","protected":false},"excerpt":{"rendered":"<p>Al t\u00e9rmino de la audiencia general, el Santo Padre hizo un llamamiento por la paz en la Rep\u00fablica Democr\u00e1tica del Congo, donde est\u00e1n escapando miles de civiles mientras se combate en la regi\u00f3n del Norte de Kivu. \u201cSiguen llegando graves noticias sobre la situaci\u00f3n humanitaria en el Este de la Rep\u00fablica Democr\u00e1tica del Congo que &hellip; <a href=\"https:\/\/www.biblia.work\/sermones\/el-papa-llama-a-la-paz-en-kivu-republica-democratica-del-congo\/\" class=\"more-link\">Continuar leyendo<span class=\"screen-reader-text\"> \u00abEl Papa llama a la paz en Kivu (Rep\u00fablica Democr\u00e1tica del Congo)\u00bb<\/span><\/a><\/p>\n","protected":false},"author":1,"featured_media":0,"comment_status":"open","ping_status":"closed","sticky":false,"template":"","format":"standard","meta":{"footnotes":""},"categories":[1],"tags":[],"class_list":["post-38568","post","type-post","status-publish","format-standard","hentry","category-general"],"_links":{"self":[{"href":"https:\/\/www.biblia.work\/sermones\/wp-json\/wp\/v2\/posts\/38568","targetHints":{"allow":["GET"]}}],"collection":[{"href":"https:\/\/www.biblia.work\/sermones\/wp-json\/wp\/v2\/posts"}],"about":[{"href":"https:\/\/www.biblia.work\/sermones\/wp-json\/wp\/v2\/types\/post"}],"author":[{"embeddable":true,"href":"https:\/\/www.biblia.work\/sermones\/wp-json\/wp\/v2\/users\/1"}],"replies":[{"embeddable":true,"href":"https:\/\/www.biblia.work\/sermones\/wp-json\/wp\/v2\/comments?post=38568"}],"version-history":[{"count":0,"href":"https:\/\/www.biblia.work\/sermones\/wp-json\/wp\/v2\/posts\/38568\/revisions"}],"wp:attachment":[{"href":"https:\/\/www.biblia.work\/sermones\/wp-json\/wp\/v2\/media?parent=38568"}],"wp:term":[{"taxonomy":"category","embeddable":true,"href":"https:\/\/www.biblia.work\/sermones\/wp-json\/wp\/v2\/categories?post=38568"},{"taxonomy":"post_tag","embeddable":true,"href":"https:\/\/www.biblia.work\/sermones\/wp-json\/wp\/v2\/tags?post=38568"}],"curies":[{"name":"wp","href":"https:\/\/api.w.org\/{rel}","templated":true}]}}