{"id":38569,"date":"2016-06-21T18:04:32","date_gmt":"2016-06-21T23:04:32","guid":{"rendered":"http:\/\/www.biblia.work\/sermones\/sintesis-de-la-catequesis-del-papa-en-la-audiencia-general-del-miercoles-5-diciembre-2012\/"},"modified":"2016-06-21T18:04:32","modified_gmt":"2016-06-21T23:04:32","slug":"sintesis-de-la-catequesis-del-papa-en-la-audiencia-general-del-miercoles-5-diciembre-2012","status":"publish","type":"post","link":"https:\/\/www.biblia.work\/sermones\/sintesis-de-la-catequesis-del-papa-en-la-audiencia-general-del-miercoles-5-diciembre-2012\/","title":{"rendered":"S\u00edntesis de la catequesis del Papa en la audiencia general del mi\u00e9rcoles 5 diciembre 2012"},"content":{"rendered":"<p align=\"justify\">La oraci\u00f3n de bendici\u00f3n que el ap\u00f3stol Pablo eleva a Dios Padre, en la carta a los Efesios, nos introduce a vivir el tiempo de Adviento, en el contexto del A\u00f1o de la fe.<\/p>\n<p align=\"justify\">El tema de este himno de alabanza es el plan de Dios para el hombre, definido con t\u00e9rminos de gozo, asombro y agradecimiento, como un \u201cdesignio benevolente\u201d de misericordia y amor. El ap\u00f3stol eleva esta bendici\u00f3n a Dios porque ve su obrar en la historia de salvaci\u00f3n, cuyo culmen ha sido la encarnaci\u00f3n, muerte y resurrecci\u00f3n de Jes\u00fas, y comprende c\u00f3mo el Padre nos ha elegido antes de la creaci\u00f3n del mundo para ser sus hijos adoptivos, en su Hijo Unig\u00e9nito, Jesucristo.<\/p>\n<p align=\"justify\">El \u201cplan de amor\u201d es definido como \u201cel misterio\u201d de la voluntad divina, escondido y manifestado en Cristo. Dicha iniciativa precede toda respuesta humana, es un don gratuito de su amor que nos acoge y transforma. El acto de fe es la respuesta del hombre a la Revelaci\u00f3n de Dios. Todo esto conduce a una \u201cconversi\u00f3n\u201d, a un cambio de mentalidad, porque Dios que se ha revelado en Cristo, nos atrae hacia \u00c9l, dando pleno sentido a nuestra existencia, siendo la roca sobre la que se encuentra estabilidad.<br \/>\n(jesuita Guillermo Ortiz &#8211; RV).<\/p>\n","protected":false},"excerpt":{"rendered":"<p>La oraci\u00f3n de bendici\u00f3n que el ap\u00f3stol Pablo eleva a Dios Padre, en la carta a los Efesios, nos introduce a vivir el tiempo de Adviento, en el contexto del A\u00f1o de la fe. El tema de este himno de alabanza es el plan de Dios para el hombre, definido con t\u00e9rminos de gozo, asombro &hellip; <a href=\"https:\/\/www.biblia.work\/sermones\/sintesis-de-la-catequesis-del-papa-en-la-audiencia-general-del-miercoles-5-diciembre-2012\/\" class=\"more-link\">Continuar leyendo<span class=\"screen-reader-text\"> \u00abS\u00edntesis de la catequesis del Papa en la audiencia general del mi\u00e9rcoles 5 diciembre 2012\u00bb<\/span><\/a><\/p>\n","protected":false},"author":1,"featured_media":0,"comment_status":"open","ping_status":"closed","sticky":false,"template":"","format":"standard","meta":{"footnotes":""},"categories":[1],"tags":[],"class_list":["post-38569","post","type-post","status-publish","format-standard","hentry","category-general"],"_links":{"self":[{"href":"https:\/\/www.biblia.work\/sermones\/wp-json\/wp\/v2\/posts\/38569","targetHints":{"allow":["GET"]}}],"collection":[{"href":"https:\/\/www.biblia.work\/sermones\/wp-json\/wp\/v2\/posts"}],"about":[{"href":"https:\/\/www.biblia.work\/sermones\/wp-json\/wp\/v2\/types\/post"}],"author":[{"embeddable":true,"href":"https:\/\/www.biblia.work\/sermones\/wp-json\/wp\/v2\/users\/1"}],"replies":[{"embeddable":true,"href":"https:\/\/www.biblia.work\/sermones\/wp-json\/wp\/v2\/comments?post=38569"}],"version-history":[{"count":0,"href":"https:\/\/www.biblia.work\/sermones\/wp-json\/wp\/v2\/posts\/38569\/revisions"}],"wp:attachment":[{"href":"https:\/\/www.biblia.work\/sermones\/wp-json\/wp\/v2\/media?parent=38569"}],"wp:term":[{"taxonomy":"category","embeddable":true,"href":"https:\/\/www.biblia.work\/sermones\/wp-json\/wp\/v2\/categories?post=38569"},{"taxonomy":"post_tag","embeddable":true,"href":"https:\/\/www.biblia.work\/sermones\/wp-json\/wp\/v2\/tags?post=38569"}],"curies":[{"name":"wp","href":"https:\/\/api.w.org\/{rel}","templated":true}]}}