{"id":38571,"date":"2016-06-21T18:04:45","date_gmt":"2016-06-21T23:04:45","guid":{"rendered":"http:\/\/www.biblia.work\/sermones\/saludos-del-papa-en-distintas-lenguas-tras-la-audiencia-general-del-miercoles-5-diciembre-2012\/"},"modified":"2016-06-21T18:04:45","modified_gmt":"2016-06-21T23:04:45","slug":"saludos-del-papa-en-distintas-lenguas-tras-la-audiencia-general-del-miercoles-5-diciembre-2012","status":"publish","type":"post","link":"https:\/\/www.biblia.work\/sermones\/saludos-del-papa-en-distintas-lenguas-tras-la-audiencia-general-del-miercoles-5-diciembre-2012\/","title":{"rendered":"Saludos del Papa en distintas lenguas tras la audiencia general del mi\u00e9rcoles 5 diciembre 2012"},"content":{"rendered":"<p align=\"justify\">En sus habituales saludos al final de la Audiencia General, el Papa dando la bienvenida a los peregrinos franc\u00f3fonos, ha subrayado que \u201cel Adviento nos invita a renovar nuestra convicci\u00f3n de que Dios est\u00e1 siempre presente en nuestras vidas. \u00a1No tengan miedo a dejarse guiar por su Palabra y los Sacramentos! Dios es la roca que nos da la estabilidad necesaria para mantenernos siempre en pie\u201d.\u00a0<\/p>\n<p align=\"justify\">Hablando en ingl\u00e9s el Pont\u00edfice ha abierto sus brazos a un grupo de peregrinos de la archidi\u00f3cesis de Milwaukee. Y ha saludo tambi\u00e9n a los visitantes anglicanos del Colegio Ardingly. \u201cDoy las gracias &#8211; ha afirmado el Papa- al coro por la alabanza que dan a Dios con sus voces. A todos los peregrinos de habla Inglesa, incluidos los grupos de Australia y los Estados Unidos de Am\u00e9rica, invoco las bendiciones divinas de alegr\u00eda y de paz\u201d.<\/p>\n<p align=\"justify\">Dando la bienvenida a los peregrinos polacos, Benedicto XVI ha se\u00f1alado que \u201cel Adviento nos invita a renovar la seguridad de que Dios est\u00e1 presente en medio de nosotros: \u00c9l ha entrado en el mundo, haci\u00e9ndose hombre, para llevar a la plenitud su designio de amor. Y nosotros, a trav\u00e9s de nuestra fe, nuestra esperanza y nuestra caridad, podemos ser testigos de su presencia ante el mundo\u201d.<\/p>\n<p align=\"justify\">Finalmente el Santo Padre, saludando en italiano, se ha dirigido a los participantes en la peregrinaci\u00f3n promovida por las Hijas de Nuestra Se\u00f1ora de la ocasi\u00f3n de la beatificaci\u00f3n de Sor Mar\u00eda Crescencia P\u00e9rez, y les ha animado a seguir con fidelidad y alegr\u00eda su servicio al Evangelio y a los hermanos, en el ejemplo de la nueva Beata.<\/p>\n<p align=\"justify\">Por \u00faltimo, como es habitual el Santo Padre ha saludo a los j\u00f3venes, enfermos y reci\u00e9n casados. \u201cEl tiempo de Adviento, que acaba de empezar -ha dicho- toma la luz brillante del ejemplo de la Virgen Inmaculada. Que ella les impulse, queridos j\u00f3venes, en su camino de adhesi\u00f3n a Cristo. Para ustedes, queridos enfermos, que Mar\u00eda sea el apoyo para una esperanza renovada. Y sea gu\u00eda para ustedes, queridos reci\u00e9n casados, para construir su familia\u201d.<br \/>\n(ER \u2013 RV)<\/p>\n","protected":false},"excerpt":{"rendered":"<p>En sus habituales saludos al final de la Audiencia General, el Papa dando la bienvenida a los peregrinos franc\u00f3fonos, ha subrayado que \u201cel Adviento nos invita a renovar nuestra convicci\u00f3n de que Dios est\u00e1 siempre presente en nuestras vidas. \u00a1No tengan miedo a dejarse guiar por su Palabra y los Sacramentos! Dios es la roca &hellip; <a href=\"https:\/\/www.biblia.work\/sermones\/saludos-del-papa-en-distintas-lenguas-tras-la-audiencia-general-del-miercoles-5-diciembre-2012\/\" class=\"more-link\">Continuar leyendo<span class=\"screen-reader-text\"> \u00abSaludos del Papa en distintas lenguas tras la audiencia general del mi\u00e9rcoles 5 diciembre 2012\u00bb<\/span><\/a><\/p>\n","protected":false},"author":1,"featured_media":0,"comment_status":"open","ping_status":"closed","sticky":false,"template":"","format":"standard","meta":{"footnotes":""},"categories":[1],"tags":[],"class_list":["post-38571","post","type-post","status-publish","format-standard","hentry","category-general"],"_links":{"self":[{"href":"https:\/\/www.biblia.work\/sermones\/wp-json\/wp\/v2\/posts\/38571","targetHints":{"allow":["GET"]}}],"collection":[{"href":"https:\/\/www.biblia.work\/sermones\/wp-json\/wp\/v2\/posts"}],"about":[{"href":"https:\/\/www.biblia.work\/sermones\/wp-json\/wp\/v2\/types\/post"}],"author":[{"embeddable":true,"href":"https:\/\/www.biblia.work\/sermones\/wp-json\/wp\/v2\/users\/1"}],"replies":[{"embeddable":true,"href":"https:\/\/www.biblia.work\/sermones\/wp-json\/wp\/v2\/comments?post=38571"}],"version-history":[{"count":0,"href":"https:\/\/www.biblia.work\/sermones\/wp-json\/wp\/v2\/posts\/38571\/revisions"}],"wp:attachment":[{"href":"https:\/\/www.biblia.work\/sermones\/wp-json\/wp\/v2\/media?parent=38571"}],"wp:term":[{"taxonomy":"category","embeddable":true,"href":"https:\/\/www.biblia.work\/sermones\/wp-json\/wp\/v2\/categories?post=38571"},{"taxonomy":"post_tag","embeddable":true,"href":"https:\/\/www.biblia.work\/sermones\/wp-json\/wp\/v2\/tags?post=38571"}],"curies":[{"name":"wp","href":"https:\/\/api.w.org\/{rel}","templated":true}]}}