{"id":38573,"date":"2016-06-21T18:04:53","date_gmt":"2016-06-21T23:04:53","guid":{"rendered":"http:\/\/www.biblia.work\/sermones\/congreso-internacional-en-el-vaticano-ecclesia-in-america-del-9-al-12-de-diciembre\/"},"modified":"2016-06-21T18:04:53","modified_gmt":"2016-06-21T23:04:53","slug":"congreso-internacional-en-el-vaticano-ecclesia-in-america-del-9-al-12-de-diciembre","status":"publish","type":"post","link":"https:\/\/www.biblia.work\/sermones\/congreso-internacional-en-el-vaticano-ecclesia-in-america-del-9-al-12-de-diciembre\/","title":{"rendered":"Congreso Internacional en el Vaticano &#8220;Ecclesia in America&#8221;, del 9 al 12 de diciembre"},"content":{"rendered":"<p align=\"justify\">Esta ma\u00f1ana en la Oficina de Prensa de la Santa Sede ha tenido lugar la presentaci\u00f3n del Congreso Internacional \u201cEcclesia in America\u201d, sobre la Iglesia en el continente americano que tendr\u00e1 lugar en el Vaticano del 9 al 12 de diciembre promovido por la Pontificia Comisi\u00f3n para Am\u00e9rica Latina y los Caballeros de Col\u00f3n, en colaboraci\u00f3n con el Instituto de Estudios Guadalupanos. <\/p>\n<p align=\"justify\">Han intervenido el cardenal Marc Ouellet P.S.S., presidente de la Pontificia Comisi\u00f3n para Am\u00e9rica Latina, el profesor Guzm\u00e1n Carriquiry, secretario de la misma, y Carl Anderson, Caballero Supremo de los Caballeros de Col\u00f3n.<\/p>\n<p align=\"justify\">Abriendo la presentaci\u00f3n, el cardenal ha recordado que entre noviembre y diciembre de 1997 tuvo lugar la Asamblea sinodal, convocada por el beato Juan Pablo II, dedicada al continente americano y titulada \u201cEncuentro con Jesucristo vivo, camino para la conversi\u00f3n, la comuni\u00f3n y la solidaridad en Am\u00e9rica\u201d, un tema que inspirar\u00e1 los trabajos del congreso cuyo objetivo es \u201creexaminar la intuici\u00f3n prof\u00e9tica del beato Juan Pablo II y los contenidos fundamentales de la exhortaci\u00f3n \u201cEcclesia in America\u201d, adem\u00e1s de intensificar las relaciones de comuni\u00f3n y cooperaci\u00f3n entre las Iglesias de Canad\u00e1 y Estados Unidos con las Iglesias de Am\u00e9rica Latina para afrontar problemas y retos comunes planteados a la misi\u00f3n de la Iglesia en el continente americano\u201d.<\/p>\n<p align=\"justify\">\u201cEl precioso patrimonio de fe cristiana que est\u00e1 en los or\u00edgenes del Nuevo Mundo americano y que anima la vida de sus pueblos, sometido a la erosi\u00f3n causada por oleadas de secularizaci\u00f3n, al impacto de una cultura global cada vez m\u00e1s lejana y hostil y a la proliferaci\u00f3n de las sectas, necesita cada vez m\u00e1s ser revitalizado, replanteado y actualizado. El intercambio de dones y experiencias entre las Iglesias de Dios que viven en las diversas latitudes del continente puede ser hermoso y enriquecedor. Este intercambio cuenta ya con un laboratorio providencial gracias a la masiva presencia de los \u201chispanos\u201d en Estados Unidos y Canad\u00e1\u201d, ha explicado el cardenal.<\/p>\n<p align=\"justify\">Despu\u00e9s se ha referido a los problemas y retos comunes surgidos en los \u00faltimos quince a\u00f1os y que las Iglesias de Am\u00e9rica del Norte, del Centro y del Sur deben afrontar juntas, citando entre otros \u201cla inmigraci\u00f3n que es una cuesti\u00f3n candente tanto para Estados Unidos como para M\u00e9xico, el Caribe y Am\u00e9rica Central; las redes del narcotr\u00e1fico, el consumo de drogas y las pol\u00edticas para combatirlas; el incremento de la violencia ciudadana que afecta, sobre todo, a la juventud; las agresiones a la familia y a la cultura de la vida; (&#8230;) la defensa y la promoci\u00f3n de la libertad religiosa; las difusas y preocupantes condiciones de pobreza e indigencia\u201d. \u201cTodo esto se inserta dentro de un replanteamiento de las relaciones pol\u00edticas y culturales entre Estados Unidos, Canad\u00e1 y los pa\u00edses de Am\u00e9rica latina, a la ense\u00f1a de un di\u00e1logo, de una comprensi\u00f3n y un respeto, de una solidaridad y una justicia m\u00e1s eficaces\u201d.<\/p>\n<p align=\"justify\">Para afrontar estos problemas \u201ca la luz de la misi\u00f3n de la Iglesia\u201d es fundamental \u201creforzar el sentido de comuni\u00f3n en cada una de las Iglesias y entre ellas. Este congreso internacional pretende contribuir a la creaci\u00f3n de redes de amistad a lo largo de todo el continente con un sentido fiel de pertenencia a la Iglesia. Sin una unidad, verdadera y fuerte, no hay protagonismo ni misionero ni social. En esta luz se comprende porqu\u00e9 este congreso inter-americano tenga lugar en el Vaticano. Efectivamente, subraya la solicitud universal de Iglesias que representan m\u00e1s del 50% de los cat\u00f3licos de todo el mundo, en la fidelidad y devoci\u00f3n al Sucesor de Pedro, Pastor universal y primer testigo y garante de la unidad y de la comuni\u00f3n\u201d.<\/p>\n<p align=\"justify\">Por su parte, Guzm\u00e1n Carriquiry, ha explicado que el congreso contar\u00e1 con la participaci\u00f3n de m\u00e1s de 200 personalidades ligadas al continente americano, tanto representantes del clero como laicos y que se abrir\u00e1 y se clausurar\u00e1 con dos celebraciones eucar\u00edsticas: la primera, el 9 de diciembre en la bas\u00edlica de San Pedro, en la que el Santo Padre saludar\u00e1 a los participantes y la segunda, el 12 de diciembre, festividad de Nuestra Se\u00f1ora de Guadalupe, en la iglesia de Santa Mar\u00eda en Transpontina.<\/p>\n<p align=\"justify\">El 10 de diciembre, por la ma\u00f1ana, en el Aula del S\u00ednodo se abordar\u00e1n los temas: \u201cEl acontecimiento guadalupano en el origen de la evangelizaci\u00f3n del Nuevo Mundo\u201d; \u201cLa exhortaci\u00f3n apost\u00f3lica post-sinodal: profec\u00eda, ense\u00f1anzas, compromiso\u201d y \u201c\u201cLa exhortaci\u00f3n apost\u00f3lica post-sinodal \u201cEcclesia in America\u201d bajo la intercesi\u00f3n de Nuestra Se\u00f1ora de Guadalupe, estrella de la nueva evangelizaci\u00f3n y madre de la civilizaci\u00f3n del amor\u201d. Por la tarde, habr\u00e1 un debate sobre cuestiones fundamentales para la cooperaci\u00f3n entre las Iglesias en el continente. Concluir\u00e1 la jornada la conferencia \u201cSignificado del A\u00f1o de la Fe\u201d, pronunciada por el arzobispo Luis Francisco Ladaria Ferrer, S.I., Secretario de la Congregaci\u00f3n para la Doctrina de la Fe.<\/p>\n<p align=\"justify\">El 11 de diciembre los participantes rezar\u00e1n el rosario en los Jardines Vaticanos ante la estatua de Nuestra Se\u00f1ora de Guadalupe y por la tarde, en el Aula P\u00edo X, se proyectar\u00e1 un documental sobre la imagen de la Patrona de Am\u00e9rica. El 12 de diciembre, los congresistas asistir\u00e1n a la audiencia general del Santo Padre. Por la tarde, el cardenal Sean Patrick O&#8217;Malley O.F.M., arzobispo de Boston (EE.UU) dar\u00e1 la conferencia \u201cEscenarios y propuestas para la comuni\u00f3n y la cooperaci\u00f3n entre las Iglesias del continente americano y por la solidaridad entre sus pueblos\u201d.<\/p>\n<p align=\"justify\">\u201cLos resultados del Congreso -ha finalizado Carriquiry- se comunicar\u00e1n a los dicasterios de la Curia Romana, a las Conferencias episcopales del continente y al CELAM (Consejo episcopal latinoamericano\u201d.<\/p>\n","protected":false},"excerpt":{"rendered":"<p>Esta ma\u00f1ana en la Oficina de Prensa de la Santa Sede ha tenido lugar la presentaci\u00f3n del Congreso Internacional \u201cEcclesia in America\u201d, sobre la Iglesia en el continente americano que tendr\u00e1 lugar en el Vaticano del 9 al 12 de diciembre promovido por la Pontificia Comisi\u00f3n para Am\u00e9rica Latina y los Caballeros de Col\u00f3n, en &hellip; <a href=\"https:\/\/www.biblia.work\/sermones\/congreso-internacional-en-el-vaticano-ecclesia-in-america-del-9-al-12-de-diciembre\/\" class=\"more-link\">Continuar leyendo<span class=\"screen-reader-text\"> \u00abCongreso Internacional en el Vaticano &#8220;Ecclesia in America&#8221;, del 9 al 12 de diciembre\u00bb<\/span><\/a><\/p>\n","protected":false},"author":1,"featured_media":0,"comment_status":"open","ping_status":"closed","sticky":false,"template":"","format":"standard","meta":{"footnotes":""},"categories":[1],"tags":[],"class_list":["post-38573","post","type-post","status-publish","format-standard","hentry","category-general"],"_links":{"self":[{"href":"https:\/\/www.biblia.work\/sermones\/wp-json\/wp\/v2\/posts\/38573","targetHints":{"allow":["GET"]}}],"collection":[{"href":"https:\/\/www.biblia.work\/sermones\/wp-json\/wp\/v2\/posts"}],"about":[{"href":"https:\/\/www.biblia.work\/sermones\/wp-json\/wp\/v2\/types\/post"}],"author":[{"embeddable":true,"href":"https:\/\/www.biblia.work\/sermones\/wp-json\/wp\/v2\/users\/1"}],"replies":[{"embeddable":true,"href":"https:\/\/www.biblia.work\/sermones\/wp-json\/wp\/v2\/comments?post=38573"}],"version-history":[{"count":0,"href":"https:\/\/www.biblia.work\/sermones\/wp-json\/wp\/v2\/posts\/38573\/revisions"}],"wp:attachment":[{"href":"https:\/\/www.biblia.work\/sermones\/wp-json\/wp\/v2\/media?parent=38573"}],"wp:term":[{"taxonomy":"category","embeddable":true,"href":"https:\/\/www.biblia.work\/sermones\/wp-json\/wp\/v2\/categories?post=38573"},{"taxonomy":"post_tag","embeddable":true,"href":"https:\/\/www.biblia.work\/sermones\/wp-json\/wp\/v2\/tags?post=38573"}],"curies":[{"name":"wp","href":"https:\/\/api.w.org\/{rel}","templated":true}]}}