{"id":38575,"date":"2016-06-21T18:05:07","date_gmt":"2016-06-21T23:05:07","guid":{"rendered":"http:\/\/www.biblia.work\/sermones\/el-papa-ya-con-cuenta-en-twitter-respondera-primeros-twett-el-miercoles-12-de-diciembre-en-publico-durante-la-audiencia-general-de-los-miercoles\/"},"modified":"2016-06-21T18:05:07","modified_gmt":"2016-06-21T23:05:07","slug":"el-papa-ya-con-cuenta-en-twitter-respondera-primeros-twett-el-miercoles-12-de-diciembre-en-publico-durante-la-audiencia-general-de-los-miercoles","status":"publish","type":"post","link":"https:\/\/www.biblia.work\/sermones\/el-papa-ya-con-cuenta-en-twitter-respondera-primeros-twett-el-miercoles-12-de-diciembre-en-publico-durante-la-audiencia-general-de-los-miercoles\/","title":{"rendered":"El Papa, ya con cuenta en twitter, responder\u00e1 primeros twett el mi\u00e9rcoles 12 de diciembre, en p\u00fablico, durante la audiencia general de los mi\u00e9rcoles"},"content":{"rendered":"<p align=\"justify\">A las once y media tuvo lugar en la Oficina de prensa de la Santa Sede la conferencia de prensa para ilustrar la presencia del Santo Padre en Twitter y dar m\u00e1s informaciones sobre el uso de los nuevos medios de informaci\u00f3n en el Vaticano.<\/p>\n<p align=\"justify\">En la conferencia de prensa intervinieron el presidente del Pontificio Consejo de las comunicaciones sociales, Mons. Claudio Mar\u00eda Celli, el secretario del dicasterio, Mons. Paul Tighe, el director de la Oficina de prensa vaticano y de nuestra emisora, padre Federico Lombardi y el director de L\u2019Osservatore Romano, Gian maria Vian.\u00a0<\/p>\n<p align=\"justify\">Benedicto XVI entra en Twitter y a partir de hoy tiene su cuenta en esa red social. Con el nombre Pontifex se abri\u00f3 ya desde esta ma\u00f1ana la cuenta del Papa y a partir de hoy hasta el mi\u00e9rcoles doce de diciembre, recibir\u00e1 preguntas relacionadas a la vida de la fe, y ese d\u00eda, Fiesta de Nuestra Se\u00f1ora de Guadalupe, durante la Audiencia General, el Santo Padre ser\u00e1 filmado mientras estar\u00e1 respondiendo a los primeros twett, a partir de all\u00ed tendr\u00e1 un equipo de colaboradores que escribir\u00e1n sus pensamientos, en un m\u00e1ximo de 140 caracteres, despu\u00e9s de haber sido aprobados por el Papa. Se podr\u00e1n escribir mensajes en ingl\u00e9s, espa\u00f1ol, italiano, portugu\u00e9s, alem\u00e1n, polaco, \u00e1rabe y franc\u00e9s. Y m\u00e1s adelante se agregar\u00e1n otros idiomas.<\/p>\n<p align=\"justify\">El Pont\u00edfice, no es nuevo en el uso de twitter, ya que el pasado a\u00f1o inaugur\u00f3 el portal multimedia de internet del Vaticano, &#8220;News.va&#8221;, con un mensaje a trav\u00e9s de la red. &#8220;Queridos amigos, acabo de lanzar News.va. \u00a1Alabado sea nuestro Se\u00f1or Jesucristo! Con mis oraciones y bendiciones&#8221;, escribi\u00f3 el Papa en la red.<\/p>\n<p align=\"justify\">El Papa afirma que la Iglesia tiene que usar todos los medios de comunicaci\u00f3n a su alcance para divulgar el Evangelio y en numerosos documentos, el \u00faltimo en el mensaje enviado a los j\u00f3venes con motivo de la Jornada Mundial de la Juventud, les dijo que tienen que usar internet para presentar a Cristo al mundo. En esa l\u00ednea, adem\u00e1s de usar la red para divulgar las actividades del Pont\u00edfice, la Iglesia y Santa Sede, el Vaticano desde hace tres a\u00f1os cre\u00f3 un sitio web que conecta con la red social Facebook, a trav\u00e9s de la cual los usuarios pueden intercambiarse postales virtuales del Papa, discursos y mensajes del pont\u00edfice. A trav\u00e9s de ese sitio tambi\u00e9n se pueden recibir noticias en formato v\u00eddeo sobre el Vaticano y el Papa, en la misma l\u00ednea que el sitio de Youtube donde tambi\u00e9n est\u00e1 presente el Vaticano.<\/p>\n","protected":false},"excerpt":{"rendered":"<p>A las once y media tuvo lugar en la Oficina de prensa de la Santa Sede la conferencia de prensa para ilustrar la presencia del Santo Padre en Twitter y dar m\u00e1s informaciones sobre el uso de los nuevos medios de informaci\u00f3n en el Vaticano. En la conferencia de prensa intervinieron el presidente del Pontificio &hellip; <a href=\"https:\/\/www.biblia.work\/sermones\/el-papa-ya-con-cuenta-en-twitter-respondera-primeros-twett-el-miercoles-12-de-diciembre-en-publico-durante-la-audiencia-general-de-los-miercoles\/\" class=\"more-link\">Continuar leyendo<span class=\"screen-reader-text\"> \u00abEl Papa, ya con cuenta en twitter, responder\u00e1 primeros twett el mi\u00e9rcoles 12 de diciembre, en p\u00fablico, durante la audiencia general de los mi\u00e9rcoles\u00bb<\/span><\/a><\/p>\n","protected":false},"author":1,"featured_media":0,"comment_status":"open","ping_status":"closed","sticky":false,"template":"","format":"standard","meta":{"footnotes":""},"categories":[1],"tags":[],"class_list":["post-38575","post","type-post","status-publish","format-standard","hentry","category-general"],"_links":{"self":[{"href":"https:\/\/www.biblia.work\/sermones\/wp-json\/wp\/v2\/posts\/38575","targetHints":{"allow":["GET"]}}],"collection":[{"href":"https:\/\/www.biblia.work\/sermones\/wp-json\/wp\/v2\/posts"}],"about":[{"href":"https:\/\/www.biblia.work\/sermones\/wp-json\/wp\/v2\/types\/post"}],"author":[{"embeddable":true,"href":"https:\/\/www.biblia.work\/sermones\/wp-json\/wp\/v2\/users\/1"}],"replies":[{"embeddable":true,"href":"https:\/\/www.biblia.work\/sermones\/wp-json\/wp\/v2\/comments?post=38575"}],"version-history":[{"count":0,"href":"https:\/\/www.biblia.work\/sermones\/wp-json\/wp\/v2\/posts\/38575\/revisions"}],"wp:attachment":[{"href":"https:\/\/www.biblia.work\/sermones\/wp-json\/wp\/v2\/media?parent=38575"}],"wp:term":[{"taxonomy":"category","embeddable":true,"href":"https:\/\/www.biblia.work\/sermones\/wp-json\/wp\/v2\/categories?post=38575"},{"taxonomy":"post_tag","embeddable":true,"href":"https:\/\/www.biblia.work\/sermones\/wp-json\/wp\/v2\/tags?post=38575"}],"curies":[{"name":"wp","href":"https:\/\/api.w.org\/{rel}","templated":true}]}}