{"id":38577,"date":"2016-06-21T18:05:16","date_gmt":"2016-06-21T23:05:16","guid":{"rendered":"http:\/\/www.biblia.work\/sermones\/palabras-en-espanol-del-papa-benedicto-xvi-tras-el-angelus-2-12-2012-primer-domingo-de-adviento\/"},"modified":"2016-06-21T18:05:16","modified_gmt":"2016-06-21T23:05:16","slug":"palabras-en-espanol-del-papa-benedicto-xvi-tras-el-angelus-2-12-2012-primer-domingo-de-adviento","status":"publish","type":"post","link":"https:\/\/www.biblia.work\/sermones\/palabras-en-espanol-del-papa-benedicto-xvi-tras-el-angelus-2-12-2012-primer-domingo-de-adviento\/","title":{"rendered":"Palabras en espa\u00f1ol del Papa Benedicto XVI tras el \u00e1ngelus 2-12-2012, primer domingo de Adviento"},"content":{"rendered":"<p align=\"justify\">Saludo cordialmente a los peregrinos de lengua espa\u00f1ola que participan en esta oraci\u00f3n mariana. Abrimos hoy el Adviento, que nos trae a la memoria la doble venida de Jes\u00fas, la primera que se revel\u00f3 en la realidad de la carne y la segunda que se manifestar\u00e1 al final de los tiempos.<\/p>\n<p align=\"justify\">Que al comenzar este tiempo &#8211; como se ora en la liturgia- el Se\u00f1or avive en nosotros el deseo de salir a su encuentro, acompa\u00f1ados por las buenas obras, y as\u00ed un d\u00eda merezcamos poseer el reino eterno.<\/p>\n<p align=\"justify\">Que la Virgen Mar\u00eda, que esper\u00f3 a su Divino Hijo con inefable amor de Madre, nos acompa\u00f1e y gu\u00ede para alcanzar estos anhelos. Muchas gracias.<\/p>\n","protected":false},"excerpt":{"rendered":"<p>Saludo cordialmente a los peregrinos de lengua espa\u00f1ola que participan en esta oraci\u00f3n mariana. Abrimos hoy el Adviento, que nos trae a la memoria la doble venida de Jes\u00fas, la primera que se revel\u00f3 en la realidad de la carne y la segunda que se manifestar\u00e1 al final de los tiempos. Que al comenzar este &hellip; <a href=\"https:\/\/www.biblia.work\/sermones\/palabras-en-espanol-del-papa-benedicto-xvi-tras-el-angelus-2-12-2012-primer-domingo-de-adviento\/\" class=\"more-link\">Continuar leyendo<span class=\"screen-reader-text\"> \u00abPalabras en espa\u00f1ol del Papa Benedicto XVI tras el \u00e1ngelus 2-12-2012, primer domingo de Adviento\u00bb<\/span><\/a><\/p>\n","protected":false},"author":1,"featured_media":0,"comment_status":"open","ping_status":"closed","sticky":false,"template":"","format":"standard","meta":{"footnotes":""},"categories":[1],"tags":[],"class_list":["post-38577","post","type-post","status-publish","format-standard","hentry","category-general"],"_links":{"self":[{"href":"https:\/\/www.biblia.work\/sermones\/wp-json\/wp\/v2\/posts\/38577","targetHints":{"allow":["GET"]}}],"collection":[{"href":"https:\/\/www.biblia.work\/sermones\/wp-json\/wp\/v2\/posts"}],"about":[{"href":"https:\/\/www.biblia.work\/sermones\/wp-json\/wp\/v2\/types\/post"}],"author":[{"embeddable":true,"href":"https:\/\/www.biblia.work\/sermones\/wp-json\/wp\/v2\/users\/1"}],"replies":[{"embeddable":true,"href":"https:\/\/www.biblia.work\/sermones\/wp-json\/wp\/v2\/comments?post=38577"}],"version-history":[{"count":0,"href":"https:\/\/www.biblia.work\/sermones\/wp-json\/wp\/v2\/posts\/38577\/revisions"}],"wp:attachment":[{"href":"https:\/\/www.biblia.work\/sermones\/wp-json\/wp\/v2\/media?parent=38577"}],"wp:term":[{"taxonomy":"category","embeddable":true,"href":"https:\/\/www.biblia.work\/sermones\/wp-json\/wp\/v2\/categories?post=38577"},{"taxonomy":"post_tag","embeddable":true,"href":"https:\/\/www.biblia.work\/sermones\/wp-json\/wp\/v2\/tags?post=38577"}],"curies":[{"name":"wp","href":"https:\/\/api.w.org\/{rel}","templated":true}]}}