{"id":38578,"date":"2016-06-21T18:05:20","date_gmt":"2016-06-21T23:05:20","guid":{"rendered":"http:\/\/www.biblia.work\/sermones\/sintesis-de-la-alocucion-del-papa-para-el-angelus-del-domingo-2-de-diciembre-2012-primer-domingo-de-adviento\/"},"modified":"2016-06-21T18:05:20","modified_gmt":"2016-06-21T23:05:20","slug":"sintesis-de-la-alocucion-del-papa-para-el-angelus-del-domingo-2-de-diciembre-2012-primer-domingo-de-adviento","status":"publish","type":"post","link":"https:\/\/www.biblia.work\/sermones\/sintesis-de-la-alocucion-del-papa-para-el-angelus-del-domingo-2-de-diciembre-2012-primer-domingo-de-adviento\/","title":{"rendered":"S\u00edntesis de la alocuci\u00f3n del Papa para el \u00c1ngelus del domingo 2 de diciembre 2012, primer domingo de Adviento"},"content":{"rendered":"<p align=\"justify\">Sobriedad y oraci\u00f3n en tiempo de Adviento, es lo que el Su Santidad Benedicto XVI ha recomendado en su alocuci\u00f3n previa al rezo mariano del\u00a0<em>Angelus Domini<\/em>, en el marco del Primer Domingo de Adviento: \u201cEn medio del desorden del mundo, o en los desiertos de la indiferencia y del materialismo, los cristianos acogen de Dios la salvaci\u00f3n y la testimonian con un modo diverso de vivir, como una ciudad colocada sobre un monte\u201d.<\/p>\n<p align=\"justify\">El Sucesor de Pedro, adem\u00e1s, nos ha recordado la necesidad de seguir proclamando el Evangelio y puntualiz\u00f3 que en este tiempo de Adviento, esperamos la venida de Dios, \u201cque envuelve el cosmos y la historia y que conoce dos momentos culminantes: la primera y la segunda venida de Jesucristo\u201d. Dos momentos, que cronol\u00f3gicamente \u2013 explic\u00f3- son distantes pero que en profundidad se tocan, con su muerte y resurrecci\u00f3n Jes\u00fas ha realizado ya aquella transformaci\u00f3n del hombre y del cosmos que es la meta final de la creaci\u00f3n. El Papa aludi\u00f3 al dise\u00f1o de salvaci\u00f3n de Dios, que est\u00e1 siempre en acto, pero que requiere nuestra libre adhesi\u00f3n y colaboraci\u00f3n del hombre.<\/p>\n<p align=\"justify\">Para el inicio de este nuevo A\u00f1o lit\u00fargico el Papa indic\u00f3 a la Virgen Mar\u00eda como modelo que encarna de modo perfecto el esp\u00edritu del Adviento en su actitud de permanencia a la escucha de Dios, su deseo profundo de cumplir con su voluntad y de servicio al pr\u00f3jimo<\/p>\n<p align=\"justify\">La Virgen Mar\u00eda encarna perfectamente el esp\u00edritu del Adviento, hecho de la escucha de Dios, de deseo profundo de cumplir con su voluntad, de gozoso servicio hacia el pr\u00f3jimo. Dej\u00e9monos guiar por ella, para que el Dios que viene no nos encuentre cerrados o distra\u00eddos, sino que pueda, en cada uno de nosotros, extender un poco de su reino de amor, de justicia y de paz.<br \/>\nPatricia L. J\u00e1uregui Romero &#8211; Radio Vaticano<\/p>\n","protected":false},"excerpt":{"rendered":"<p>Sobriedad y oraci\u00f3n en tiempo de Adviento, es lo que el Su Santidad Benedicto XVI ha recomendado en su alocuci\u00f3n previa al rezo mariano del\u00a0Angelus Domini, en el marco del Primer Domingo de Adviento: \u201cEn medio del desorden del mundo, o en los desiertos de la indiferencia y del materialismo, los cristianos acogen de Dios &hellip; <a href=\"https:\/\/www.biblia.work\/sermones\/sintesis-de-la-alocucion-del-papa-para-el-angelus-del-domingo-2-de-diciembre-2012-primer-domingo-de-adviento\/\" class=\"more-link\">Continuar leyendo<span class=\"screen-reader-text\"> \u00abS\u00edntesis de la alocuci\u00f3n del Papa para el \u00c1ngelus del domingo 2 de diciembre 2012, primer domingo de Adviento\u00bb<\/span><\/a><\/p>\n","protected":false},"author":1,"featured_media":0,"comment_status":"open","ping_status":"closed","sticky":false,"template":"","format":"standard","meta":{"footnotes":""},"categories":[1],"tags":[],"class_list":["post-38578","post","type-post","status-publish","format-standard","hentry","category-general"],"_links":{"self":[{"href":"https:\/\/www.biblia.work\/sermones\/wp-json\/wp\/v2\/posts\/38578","targetHints":{"allow":["GET"]}}],"collection":[{"href":"https:\/\/www.biblia.work\/sermones\/wp-json\/wp\/v2\/posts"}],"about":[{"href":"https:\/\/www.biblia.work\/sermones\/wp-json\/wp\/v2\/types\/post"}],"author":[{"embeddable":true,"href":"https:\/\/www.biblia.work\/sermones\/wp-json\/wp\/v2\/users\/1"}],"replies":[{"embeddable":true,"href":"https:\/\/www.biblia.work\/sermones\/wp-json\/wp\/v2\/comments?post=38578"}],"version-history":[{"count":0,"href":"https:\/\/www.biblia.work\/sermones\/wp-json\/wp\/v2\/posts\/38578\/revisions"}],"wp:attachment":[{"href":"https:\/\/www.biblia.work\/sermones\/wp-json\/wp\/v2\/media?parent=38578"}],"wp:term":[{"taxonomy":"category","embeddable":true,"href":"https:\/\/www.biblia.work\/sermones\/wp-json\/wp\/v2\/categories?post=38578"},{"taxonomy":"post_tag","embeddable":true,"href":"https:\/\/www.biblia.work\/sermones\/wp-json\/wp\/v2\/tags?post=38578"}],"curies":[{"name":"wp","href":"https:\/\/api.w.org\/{rel}","templated":true}]}}