{"id":38579,"date":"2016-06-21T18:05:25","date_gmt":"2016-06-21T23:05:25","guid":{"rendered":"http:\/\/www.biblia.work\/sermones\/homilia-del-papa-en-el-rezo-de-visperas-del-adviento-con-los-universitarios-de-roma\/"},"modified":"2016-06-21T18:05:25","modified_gmt":"2016-06-21T23:05:25","slug":"homilia-del-papa-en-el-rezo-de-visperas-del-adviento-con-los-universitarios-de-roma","status":"publish","type":"post","link":"https:\/\/www.biblia.work\/sermones\/homilia-del-papa-en-el-rezo-de-visperas-del-adviento-con-los-universitarios-de-roma\/","title":{"rendered":"Homil\u00eda del Papa en el rezo de V\u00edsperas del Adviento con los universitarios de Roma"},"content":{"rendered":"<p align=\"justify\"><em><strong>&#8220;El que os llama es fiel&#8221;, (1 Ts 5,24)<\/strong><\/em><\/p>\n<p align=\"justify\"><strong>\u00a0<\/strong>Queridos amigos universitarios: Las palabras del ap\u00f3stol Pablo nos conducen a capturar el verdadero sentido del a\u00f1o lit\u00fargico, que esta tarde iniciamos junto con la representaci\u00f3n de las Primeras V\u00edsperas de Adviento.<\/p>\n<p align=\"justify\">\n<p align=\"justify\">El entero camino del a\u00f1o de la Iglesia est\u00e1 orientado a descubrir y a vivir la fidelidad del Dios de Jesucristo que en la gruta de Bel\u00e9n se presentar\u00e1 ante nosotros, una vez m\u00e1s, en el rostro de un ni\u00f1o. Toda la historia de la salvaci\u00f3n es un recorrido de amor, de misericordia y de benevolencia: de la creaci\u00f3n a la liberaci\u00f3n del pueblo de Israel de la esclavitud de Egipto, del don de la Ley sobre el Sina\u00ed, al regreso en patria de la esclavitud babil\u00f3nica. El Dios de Abraham, de Isaac, de Jacob ha sido siempre el Dios cercano, que no ha abandonado nunca a su pueblo. M\u00e1s veces ha padecido con tristeza la infidelidad, y esperado con paciencia el regreso, siempre en la libertad de un amor que precede y sostiene el amado, atento a su dignidad y a sus expectativas m\u00e1s profundas.<\/p>\n<p align=\"justify\">Dios no se ha cerrado en su Cielo, se ha inclinado sobre el acontecer del hombre: un misterio grande que llega a superar cada posible espera. Dios entra en el tiempo del hombre en el modo m\u00e1s inesperado: haci\u00e9ndose ni\u00f1o y recorriendo las etapas de la vida humana, para que toda la nuestra existencia, esp\u00edritu, alma y cuerpo &#8211; como nos ha recordado san Pablo &#8211; pueda conservarse irreprensible y ser elevada a la altura de Dios. Y todo esto lo hace por su amor fiel hacia la humanidad. El amor cuando es verdadero, tiende por su naturaleza al bien del otro, al mayor bien posible, y no se limita a respetar sencillamente los empe\u00f1os de amistad asumidos, sino que va m\u00e1s all\u00e1, sin c\u00e1lculos ni medida. Es justo lo que ha cumplido el Dios vivo y verdadero, cuyo misterio profundo nos es revelado en las palabras de San Juan: &#8220;Dios es amor&#8221;, (1 Jn 4,8.16). Este Dios en Jes\u00fas de Nazaret asume en S\u00ed a la entera humanidad, la entera historia de la humanidad, y le da un viraje nuevo, decisivo, hacia un nuevo ser persona humana, caracterizado por el ser engendrado por Dios y por tender hacia \u00c9l (cfr La infancia de Jes\u00fas, Rizzoli-LEV 2012, p. 19).<\/p>\n<p align=\"justify\">Queridos j\u00f3venes, ilustres Rectores y Profesores, es para m\u00ed motivo de gran alegr\u00eda compartir estas reflexiones con ustedes que aqu\u00ed representan el mundo universitario romano, en el que confluyen, incluso en sus espec\u00edficas identidades, las Universidades estatales y privadas de Roma y las Instituciones pontificias, que desde hace muchos a\u00f1os caminan juntas dando vivo testimonio de un fecundo di\u00e1logo y de colaboraci\u00f3n entre los diferentes saberes y la teolog\u00eda. Saludo y agradezco al Cardenal Prefecto de la Congregaci\u00f3n para la educaci\u00f3n Cat\u00f3lica, el Rector de la universidad de Roma &#8220;Foro Italico&#8221; y a su representante, por las palabras que me han dirigido en nombre de todos. Saludo con viva cordialidad el Cardenal Vicario y al Ministro de la Instrucci\u00f3n, de la Universidad y de la Investigaci\u00f3n, como tambi\u00e9n a las muchas autoridades acad\u00e9micas presentes.<\/p>\n<p align=\"justify\">Con especial cari\u00f1o los saludo a ustedes, queridos j\u00f3venes universitarios de los Ateneos romanos, que han renovado su profesi\u00f3n de fe sobre la Tumba del ap\u00f3stol Pedro. Ustedes est\u00e1n viviendo el tiempo de la preparaci\u00f3n a las grandes elecciones de su vida y al servicio en la Iglesia y en la sociedad. Esta tarde pueden experimentar que no est\u00e1n solos: est\u00e1n con ustedes los docentes, los capellanes universitarios, los animadores de los colegios. \u00a1Est\u00e1 con ustedes el Papa! Y, sobre todo, est\u00e1n inseridos en la gran comunidad acad\u00e9mica romana, en la cual es posible caminar en la oraci\u00f3n, en la b\u00fasqueda, en la comparaci\u00f3n, en el testimonio al Evangelio. Es un regalo precioso para su vida; s\u00e9panlo ver como una se\u00f1al de la fidelidad de Dios, que les ofrece ocasiones para conformar su existencia a aquella de Cristo, para dejarse santificar por \u00c9l hasta la perfecci\u00f3n ( cfr 1 Ts 5,23. ).<\/p>\n<p align=\"justify\">El a\u00f1o lit\u00fargico que iniciamos con estas V\u00edsperas tambi\u00e9n ser\u00e1 para ustedes el camino en el cual, una vez m\u00e1s, revivir el misterio de esta fidelidad de Dios, sobre el que est\u00e1n llamados a fundar, como sobre una roca segura, su vida. Celebrando y viviendo con toda la Iglesia este itinerario de fe, experimentar\u00e1n que Jesucristo es el \u00fanico Se\u00f1or del cosmos y de la historia, sin el cual cada construcci\u00f3n humana amenaza con desvanecerse en la nada. La liturgia, vivida en su verdadero esp\u00edritu, siempre es la escuela fundamental para vivir la fe cristiana, una fe &#8220;teologal&#8221;, que los implica en todo su ser &#8211; esp\u00edritu, alma y cuerpo &#8211; para llegar a ser piedras vivas en la construcci\u00f3n de la Iglesia y colaboradores de la nueva evangelizaci\u00f3n. De modo particular, en la Eucarist\u00eda, el Dios viviente se hace tan cercano, que se hace alimento que sostiene el camino, presencia que transforma con el fuego de su amor.<\/p>\n<p align=\"justify\">Queridos amigos, vivimos en un contexto en el que a menudo encontramos la indiferencia hacia Dios. Pero pienso que en la profundidad de cuantos &#8211; tambi\u00e9n entre sus coet\u00e1neos &#8211; viven la lejan\u00eda de Dios, existe una nostalgia interior de infinito, de transcendencia. A ustedes la tarea de testimoniar en las aulas universitarias el Dios cercano, que se manifiesta tambi\u00e9n en la b\u00fasqueda de la verdad, alma de cada empe\u00f1o intelectual. Para tal prop\u00f3sito expreso mi complacencia y mi est\u00edmulo por el programa de pastoral universitaria titulado: &#8220;El Padre lo vio desde lejos. El hoy del hombre, el hoy de Dios&#8221;, propuesto por la Oficina de la pastoral universitaria de la Vicar\u00eda de Roma.<\/p>\n<p align=\"justify\">La fe es la puerta que Dios abre en nuestra vida para conducirnos al encuentro con Cristo, en el que el hoy del hombre se encuentra con el hoy de Dios. La fe cristiana no es adhesi\u00f3n a un dios gen\u00e9rico o indefinido, sino al Dios vivo que en Jesucristo, Verbo hecho carne, ha entrado en nuestra historia y se ha revelado como el Redentor del hombre. Creer significa confiar la propia vida a Aquel que s\u00f3lo puede darle plenitud en el tiempo y abrirla a una esperanza m\u00e1s all\u00e1 del tiempo.<\/p>\n<p align=\"justify\">Reflexionar sobre la fe, en este a\u00f1o de la fe, es la invitaci\u00f3n que deseo dirigir a toda la comunidad acad\u00e9mica de Roma. El continuo di\u00e1logo entre las Universidades estatales o privadas y aqu\u00e9llas pontificias deja esperar en una presencia cada vez m\u00e1s significativa de la Iglesia en el \u00e1mbito de la cultura, no solo romana, sino italiana e internacional. Las Semanas culturales y el Simposio internacional de los docentes que se desarrollar\u00e1 en junio pr\u00f3ximo, ser\u00e1n un ejemplo de esta experiencia, que espero pueda realizarse en todas las ciudades universitarias donde est\u00e1n presentes ateneos estatales, privados y pontificios.<\/p>\n<p align=\"justify\">Queridos amigos, &#8220;Aquel que los llama es fiel y har\u00e1 todo esto&#8221; ( 1 Ts 5,24); har\u00e1 de ustedes anunciadores de su presencia. En la oraci\u00f3n de esta tarde nos encaminamos idealmente hacia la gruta de Bel\u00e9n para gustar la verdadera alegr\u00eda de la Navidad: la alegr\u00eda de acoger al centro de nuestra vida, con el ejemplo de la Virgen Mar\u00eda y de San Jos\u00e9, a aquel Ni\u00f1o que nos recuerda que los ojos de Dios est\u00e1n abiertos sobre el mundo y sobre cada hombre ( cfr Zc 12,4). Los ojos de Dios est\u00e1n abiertos sobre nosotros porque \u00c9l es fiel a su amor! S\u00f3lo esta certeza puede conducir la humanidad hacia metas de paz y prosperidad, en este momento hist\u00f3rico delicado y complejo.<\/p>\n<p align=\"justify\">Tambi\u00e9n la pr\u00f3xima Jornada Mundial de la Juventud en Rio de Janeiro ser\u00e1 para ustedes, j\u00f3venes universitarios, una gran ocasi\u00f3n para manifestar la fecundidad hist\u00f3rica de la fidelidad a Dios, ofreciendo su testimonio y empe\u00f1o para la renovaci\u00f3n moral y social del mundo. La entrega del \u00cdcono de Mar\u00eda\u00a0Sedes Sapientiae\u00a0a la delegaci\u00f3n universitaria brasile\u00f1a por parte de la Capellan\u00eda universitaria de Roma Tres, que este a\u00f1o celebra su veinte\u00f1al, es una se\u00f1al de com\u00fan empe\u00f1o de ustedes, j\u00f3venes universitarios de Roma.<\/p>\n<p align=\"justify\">A Mar\u00eda, Sede de la Sabidur\u00eda, conf\u00edo a todos ustedes y a sus seres queridos; el estudio, la ense\u00f1anza, la vida de los Ateneos; especialmente el itinerario de formaci\u00f3n y testimonio en este A\u00f1o de la fe. Las l\u00e1mparas que llevar\u00e1n en sus capellan\u00edas siempre sean alimentadas por su fe humilde pero plena de adoraci\u00f3n, para que cada uno de ustedes sea una luz de esperanza y paz en el entorno universitario.<\/p>\n<p align=\"justify\">Traducci\u00f3n de Griselda Mutual (RV)<\/p>\n","protected":false},"excerpt":{"rendered":"<p>&#8220;El que os llama es fiel&#8221;, (1 Ts 5,24) \u00a0Queridos amigos universitarios: Las palabras del ap\u00f3stol Pablo nos conducen a capturar el verdadero sentido del a\u00f1o lit\u00fargico, que esta tarde iniciamos junto con la representaci\u00f3n de las Primeras V\u00edsperas de Adviento. El entero camino del a\u00f1o de la Iglesia est\u00e1 orientado a descubrir y a &hellip; <a href=\"https:\/\/www.biblia.work\/sermones\/homilia-del-papa-en-el-rezo-de-visperas-del-adviento-con-los-universitarios-de-roma\/\" class=\"more-link\">Continuar leyendo<span class=\"screen-reader-text\"> \u00abHomil\u00eda del Papa en el rezo de V\u00edsperas del Adviento con los universitarios de Roma\u00bb<\/span><\/a><\/p>\n","protected":false},"author":1,"featured_media":0,"comment_status":"open","ping_status":"closed","sticky":false,"template":"","format":"standard","meta":{"footnotes":""},"categories":[1],"tags":[],"class_list":["post-38579","post","type-post","status-publish","format-standard","hentry","category-general"],"_links":{"self":[{"href":"https:\/\/www.biblia.work\/sermones\/wp-json\/wp\/v2\/posts\/38579","targetHints":{"allow":["GET"]}}],"collection":[{"href":"https:\/\/www.biblia.work\/sermones\/wp-json\/wp\/v2\/posts"}],"about":[{"href":"https:\/\/www.biblia.work\/sermones\/wp-json\/wp\/v2\/types\/post"}],"author":[{"embeddable":true,"href":"https:\/\/www.biblia.work\/sermones\/wp-json\/wp\/v2\/users\/1"}],"replies":[{"embeddable":true,"href":"https:\/\/www.biblia.work\/sermones\/wp-json\/wp\/v2\/comments?post=38579"}],"version-history":[{"count":0,"href":"https:\/\/www.biblia.work\/sermones\/wp-json\/wp\/v2\/posts\/38579\/revisions"}],"wp:attachment":[{"href":"https:\/\/www.biblia.work\/sermones\/wp-json\/wp\/v2\/media?parent=38579"}],"wp:term":[{"taxonomy":"category","embeddable":true,"href":"https:\/\/www.biblia.work\/sermones\/wp-json\/wp\/v2\/categories?post=38579"},{"taxonomy":"post_tag","embeddable":true,"href":"https:\/\/www.biblia.work\/sermones\/wp-json\/wp\/v2\/tags?post=38579"}],"curies":[{"name":"wp","href":"https:\/\/api.w.org\/{rel}","templated":true}]}}