{"id":38580,"date":"2016-06-21T18:05:33","date_gmt":"2016-06-21T23:05:33","guid":{"rendered":"http:\/\/www.biblia.work\/sermones\/el-papa-recibe-en-el-vaticano-y-dirige-un-discurso-a-gentes-de-circos-ferias-y-espectaculos-itinerantes\/"},"modified":"2016-06-21T18:05:33","modified_gmt":"2016-06-21T23:05:33","slug":"el-papa-recibe-en-el-vaticano-y-dirige-un-discurso-a-gentes-de-circos-ferias-y-espectaculos-itinerantes","status":"publish","type":"post","link":"https:\/\/www.biblia.work\/sermones\/el-papa-recibe-en-el-vaticano-y-dirige-un-discurso-a-gentes-de-circos-ferias-y-espectaculos-itinerantes\/","title":{"rendered":"El Papa recibe en el Vaticano y dirige un discurso a gentes de circos, ferias y espect\u00e1culos itinerantes"},"content":{"rendered":"<p align=\"justify\">Tal como estaba previsto, Benedicto XVI celebr\u00f3 un encuentro este mediod\u00eda con la gente del espect\u00e1culo itinerante, en el \u00e1mbito de su peregrinaci\u00f3n de dos d\u00edas a Roma en que se han dado cita casi siete mil artistas de diversos pa\u00edses europeos y de EEUU, deseosos \u2013tal como les dijo el Papa\u2013 de \u201cmanifestar (&#8230;) la alegr\u00eda de ser cristianos y de pertenecer a la Iglesia\u201d.\u00a0<\/p>\n<p align=\"justify\">Despu\u00e9s de saludar y agradecer al Cardenal Antonio Maria Vegli\u00f2, Presidente del Consejo pontificio de la Pastoral para los emigrantes e itinerantes, que, en colaboraci\u00f3n con la Di\u00f3cesis de Roma y con la Fundaci\u00f3n \u201cMigrantes\u201d de la Conferencia Episcopal Italiana, ha organizado este evento, el Santo Padre manifest\u00f3 su gratitud a los dem\u00e1s representantes que ofrecieron su testimonio y un peque\u00f1o espect\u00e1culo, as\u00ed como a quienes han contribuido a preparar esta cita que se coloca en el A\u00f1o de la fe, \u201cocasi\u00f3n importante para profesar abiertamente la fe en el Se\u00f1or Jes\u00fas\u201d.<\/p>\n<p align=\"justify\">Hablando en italiano, el Papa dijo:<\/p>\n<p align=\"justify\"><em>Lo que ante todo caracteriza su gran familia es la capacidad de usar el lenguaje particular y espec\u00edfico de su arte. La alegr\u00eda de los espect\u00e1culos, la alegr\u00eda recreativa del juego, la gracia de las coreograf\u00edas, y el ritmo de la m\u00fasica constituyen precisamente una v\u00eda inmediata de comunicaci\u00f3n para ponerse en di\u00e1logo con peque\u00f1os y grandes, suscitando sentimientos de serenidad, de felicidad y de concordia. Con la variedad de sus profesiones y la originalidad de las exhibiciones, ustedes saben sorprender y suscitar maravilla, ofrecer ocasiones de fiesta y de sana diversi\u00f3n.<br \/>\n<\/em><br \/>\nA estos queridos amigos, el Obispo de Roma tambi\u00e9n les dijo que precisamente a partir de estas caracter\u00edsticas y con su estilo, est\u00e1n llamados a testimoniar esos valores que forman parte de su tradici\u00f3n, a saber: el amor por la familia, el inter\u00e9s por los peque\u00f1os, la atenci\u00f3n a los minusv\u00e1lidos y a los enfermos, la valoraci\u00f3n de los ancianos y de su patrimonio de experiencias. Porque como les dijo el Santo Padre:<\/p>\n<p align=\"justify\"><em>En su ambiente se conserva vivo el di\u00e1logo entre las generaciones, el sentido de la amistad, y el gusto por el trabajo en equipo. Acogida y hospitalidad les son propias, as\u00ed como la atenci\u00f3n para dar respuesta a los deseos m\u00e1s aut\u00e9nticos, sobre todo de las j\u00f3venes generaciones. Sus oficios requieren renuncia y sacrificio, responsabilidad y perseverancia, valor y generosidad: virtudes que la sociedad actual no siempre aprecia, pero que han contribuido a formar, en su gran familia, a enteras generaciones.<br \/>\n<\/em><br \/>\nEl Papa tambi\u00e9n les dijo que conoce los numerosos problemas ligados a su condici\u00f3n itinerante, como la instrucci\u00f3n de sus hijos, la b\u00fasqueda de lugares aptos para los espect\u00e1culos, las autorizaciones para las representaciones y los permisos de de residencia para los extranjeros. Por esta raz\u00f3n afirm\u00f3 que mientras espera \u201cque las Administraciones p\u00fablicas, reconociendo la funci\u00f3n social y cultural del espect\u00e1culo itinerante, se empe\u00f1en por la tutela de su categor\u00eda\u201d, los anim\u00f3, a ellos y a la sociedad civil, \u201ca superar todo prejuicio y buscar siempre una buena inserci\u00f3n en las realidades locales\u201d. Y a\u00f1adi\u00f3 textualmente:<\/p>\n<p align=\"justify\"><em>Queridos hermanos y hermanas, la Iglesia se alegra por el empe\u00f1o que demuestran y aprecia la fidelidad a las tradiciones, de las que con raz\u00f3n se sienten orgullosos. Ella misma que es peregrina, como ustedes, en este mundo los invita a participar en su misi\u00f3n divina a trav\u00e9s de su trabajo diario. La dignidad de todo hombre se expresa tambi\u00e9n en el ejercicio honesto de las profesionalidades adquiridas y en el poner en pr\u00e1ctica esa gratuidad que permite no dejarse determinar por intereses econ\u00f3micos. De este modo, tambi\u00e9n ustedes, mientras prestan atenci\u00f3n a la calidad de su realizaciones y de los espect\u00e1culos, no dejen de vigilar a fin de que, con i valores del Evangelio, puedan seguir ofreciendo a las j\u00f3venes generaciones la esperanza y el aliciente que necesitan, sobre todo ante las dificultades de la vida, de las tentaciones del des\u00e1nimo, de la cerraz\u00f3n en s\u00ed mismos y del pesimismo, que impiden percibir la belleza de la existencia.<br \/>\n<\/em><br \/>\nHacia el final de su alocuci\u00f3n, Benedicto XVI destac\u00f3 que si bien la vida itinerante impide formar parte establemente de una comunidad parroquial y no facilita la participaci\u00f3n regular en la catequesis y el culto divino, tambi\u00e9n en su mundo es necesaria una nueva evangelizaci\u00f3n. Por esta raz\u00f3n les dese\u00f3 que puedan encontrar, en las comunidades en las que se detienen, personas acogedoras y disponibles, capaces se salir al encuentro de sus necesidades espirituales.<\/p>\n<p align=\"justify\">Y les dej\u00f3 una recomendaci\u00f3n, inspirada en la Exhortaci\u00f3n apost\u00f3lica Familiaris consortio de Juan Pablo II:<\/p>\n<p align=\"justify\"><em>Pero no olviden que es la familia la v\u00eda primaria de transmisi\u00f3n de la fe, la peque\u00f1a Iglesia dom\u00e9stica llamada a hacer conocer a Jes\u00fas y su Evangelio, y a educar seg\u00fan la ley de Dios, a fin de que cada uno pueda llegar a la plena madurez humana y cristiana (Cfr. Familiaris consortio, 2).\u00a0<\/em><\/p>\n<p align=\"justify\">Tras desearles que \u201csus familias sean siempre escuelas de fe y de caridad, palestras de comuni\u00f3n y de fraternidad, el Papa les record\u00f3 a estos queridos artistas y trabajadores del mundo del espect\u00e1culo itinerante, cuanto afirm\u00f3 en su homil\u00eda de la Misa del 24 de abril de 2004 por el inicio de su Pontificado: \u201cNo hay nada m\u00e1s bello que ser alcanzados, sorprendidos por el Evangelio, por Cristo. No hay nada m\u00e1s bello que conocerlo y comunicar a los dem\u00e1s la amistad con \u00c9l\u201d. Porque como reafirm\u00f3 Su Santidad, \u201cs\u00f3lo en esta amistad se abren realmente las grandes potencialidades de la condici\u00f3n humana. S\u00f3lo en esta amistad nosotros experimentamos lo que es bello y lo que libera\u201d.<br \/>\nDespu\u00e9s de asegurarles la cercan\u00eda de la Iglesia, que comparte su camino, el Papa encomend\u00f3 a todos ellos a la Santa Virgen Mar\u00eda, \u201cEstella del camino\u201d, para que con su materna presencia los acompa\u00f1e en todos los momentos de la vida; y antes de impartirles de coraz\u00f3n su bendici\u00f3n apost\u00f3lica a todos ellos y a sus familias, junto a sus comunidades, Benedicto XVI los salud\u00f3 en franc\u00e9s, ingl\u00e9s y alem\u00e1n, mientras en nuestro idioma dijo:<\/p>\n<p align=\"justify\"><em>\u00a0Queridos amigos profesionales del espect\u00e1culo itinerante, en la Exhortaci\u00f3n Apost\u00f3lica post-sinodal Verbum Domini, en el p\u00e1rrafo dedicado a los emigrantes, manifestaba mi deseo de que \u00abse hagan ellos mismos anunciadores de la Palabra de Dios y testigos de Jes\u00fas Resucitado, esperanza del mundo\u00bb (n. 105). Hoy con gran confianza repito tambi\u00e9n a Ustedes este deseo, y a los agentes de pastoral, que os acompa\u00f1an con admirable dedicaci\u00f3n.<br \/>\n<\/em><br \/>\n(Mar\u00eda Fernanda Bernasconi \u2013 RV).<\/p>\n","protected":false},"excerpt":{"rendered":"<p>Tal como estaba previsto, Benedicto XVI celebr\u00f3 un encuentro este mediod\u00eda con la gente del espect\u00e1culo itinerante, en el \u00e1mbito de su peregrinaci\u00f3n de dos d\u00edas a Roma en que se han dado cita casi siete mil artistas de diversos pa\u00edses europeos y de EEUU, deseosos \u2013tal como les dijo el Papa\u2013 de \u201cmanifestar (&#8230;) &hellip; <a href=\"https:\/\/www.biblia.work\/sermones\/el-papa-recibe-en-el-vaticano-y-dirige-un-discurso-a-gentes-de-circos-ferias-y-espectaculos-itinerantes\/\" class=\"more-link\">Continuar leyendo<span class=\"screen-reader-text\"> \u00abEl Papa recibe en el Vaticano y dirige un discurso a gentes de circos, ferias y espect\u00e1culos itinerantes\u00bb<\/span><\/a><\/p>\n","protected":false},"author":1,"featured_media":0,"comment_status":"open","ping_status":"closed","sticky":false,"template":"","format":"standard","meta":{"footnotes":""},"categories":[1],"tags":[],"class_list":["post-38580","post","type-post","status-publish","format-standard","hentry","category-general"],"_links":{"self":[{"href":"https:\/\/www.biblia.work\/sermones\/wp-json\/wp\/v2\/posts\/38580","targetHints":{"allow":["GET"]}}],"collection":[{"href":"https:\/\/www.biblia.work\/sermones\/wp-json\/wp\/v2\/posts"}],"about":[{"href":"https:\/\/www.biblia.work\/sermones\/wp-json\/wp\/v2\/types\/post"}],"author":[{"embeddable":true,"href":"https:\/\/www.biblia.work\/sermones\/wp-json\/wp\/v2\/users\/1"}],"replies":[{"embeddable":true,"href":"https:\/\/www.biblia.work\/sermones\/wp-json\/wp\/v2\/comments?post=38580"}],"version-history":[{"count":0,"href":"https:\/\/www.biblia.work\/sermones\/wp-json\/wp\/v2\/posts\/38580\/revisions"}],"wp:attachment":[{"href":"https:\/\/www.biblia.work\/sermones\/wp-json\/wp\/v2\/media?parent=38580"}],"wp:term":[{"taxonomy":"category","embeddable":true,"href":"https:\/\/www.biblia.work\/sermones\/wp-json\/wp\/v2\/categories?post=38580"},{"taxonomy":"post_tag","embeddable":true,"href":"https:\/\/www.biblia.work\/sermones\/wp-json\/wp\/v2\/tags?post=38580"}],"curies":[{"name":"wp","href":"https:\/\/api.w.org\/{rel}","templated":true}]}}