{"id":38582,"date":"2016-06-21T18:05:42","date_gmt":"2016-06-21T23:05:42","guid":{"rendered":"http:\/\/www.biblia.work\/sermones\/el-papa-a-los-obispos-franceses-la-ignorancia-religiosa-es-uno-de-los-grandes-problemas-de-nuestro-tiempo\/"},"modified":"2016-06-21T18:05:42","modified_gmt":"2016-06-21T23:05:42","slug":"el-papa-a-los-obispos-franceses-la-ignorancia-religiosa-es-uno-de-los-grandes-problemas-de-nuestro-tiempo","status":"publish","type":"post","link":"https:\/\/www.biblia.work\/sermones\/el-papa-a-los-obispos-franceses-la-ignorancia-religiosa-es-uno-de-los-grandes-problemas-de-nuestro-tiempo\/","title":{"rendered":"El Papa a los obispos franceses: \u201cLa ignorancia religiosa es uno de los grandes problemas de nuestro tiempo\u201d"},"content":{"rendered":"<p align=\"justify\">\u201cLa Iglesia en Francia cuenta con una larga lista de santos, doctores, m\u00e1rtires y confesores de la fe. Vosotros sois los herederos de una gran experiencia humana y de una riqueza espiritual inmensa (&#8230;)Esos or\u00edgenes y ese pasado glorioso, siempre presente en nuestro pensamiento y tan enraizado en nuestro esp\u00edritu, nos permiten nutrir una gran esperanza, a la vez fuerte y audaz, acerca de los desaf\u00edos del tercer milenio y de escuchar las expectativas de la humanidad de nuestro tiempo, a las que s\u00f3lo Dios puede dar una respuesta satisfactoria\u201d.<\/p>\n<p align=\"justify\">Con estas palabras Benedicto XVI ha recibido al tercer grupo de obispos de la Conferencia Episcopal de Francia al final de su visita \u201cad limina\u201d. En ese contexto el Papa ha observado que la Buena Nueva que son \u201cresponsables de anunciar a los hombres de todos los tiempos, de todas las lenguas y culturas, se puede resumir en pocas palabras: Dios es el creador del hombre y su hijo Jes\u00fas nos muestra su amor a la humanidad: &#8220;Dios es amor&#8221;, desea la felicidad de sus criaturas, de todos sus hijos. La Constituci\u00f3n pastoral \u201cGaudium et spes\u201d planteaba las preguntas fundamentales de la existencia humana sobre el sentido de la vida y de la muerte, del mal, de la enfermedad, y del sufrimiento, tan presentes en nuestro mundo. Tambi\u00e9n recordaba que, en su bondad paternal, Dios hab\u00eda querido responder a todas esas cuestiones y que Cristo fund\u00f3 su Iglesia para que todos los hombres pudieran conocerlas. Por eso, uno de los problemas m\u00e1s graves de nuestro tiempo es el de la ignorancia religiosa en la que viven muchos hombres y mujeres, incluyendo a los cat\u00f3licos\u201d.<\/p>\n<p align=\"justify\">\u201cPor ese motivo -ha proseguido- la nueva evangelizaci\u00f3n en la que la Iglesia est\u00e1 firmemente comprometida (&#8230;) asume una urgencia especial. (&#8230;) Uno de los obst\u00e1culos m\u00e1s fuertes para nuestra misi\u00f3n pastoral es la ignorancia del contenido de la fe. En realidad, se trata de una doble ignorancia: la ignorancia de la persona de Jesucristo y la ignorancia de la sublimidad de sus ense\u00f1anzas, de su valor universal y permanente en la b\u00fasqueda del sentido de la vida y de la felicidad. Esta ignorancia lleva tambi\u00e9n a las nuevas generaciones a la incapacidad de comprender la historia y de sentirse herederas de esta tradici\u00f3n que ha modelado la vida, la sociedad, el arte y la cultura europeas\u201d.<\/p>\n<p align=\"justify\">La nueva evangelizaci\u00f3n ser\u00e1 eficaz \u201csi involucra en profundidad a las comunidades y a las parroquias. Los signos de vitalidad y el compromiso de los laicos en la sociedad francesa ya son una realidad alentadora (&#8230;) Los laicos son el rostro del mundo en la Iglesia y al mismo tiempo el rostro de la Iglesia en el mundo\u201d. Benedicto XVI ha subrayado, por otra parte, que \u201cla Iglesia en Europa y Francia no puede permanecer indiferente ante la disminuci\u00f3n de las vocaciones y ordenaciones, ni a otros tipos de llamada que Dios suscita en la Iglesia. Urge movilizar todas las energ\u00edas disponibles, para que los j\u00f3venes puedan escuchar la voz del Se\u00f1or. Dios llama a quien quiere y cuando quiere. Sin embargo, las familias y las comunidades cristianas siguen siendo terrenos particularmente favorables\u201d.<\/p>\n<p align=\"justify\">\u201cLos j\u00f3venes son la esperanza y el futuro de la Iglesia y del mundo\u201d, ha recalcado el pont\u00edfice, pasando a continuaci\u00f3n, a recordar \u201cla importancia de la educaci\u00f3n cat\u00f3lica\u201d. \u201cLos institutos cat\u00f3licos &#8211; ha dicho- ocupan evidentemente, el primer lugar en el gran di\u00e1logo entre la fe y la cultura. El amor por la verdad que en ellos brilla es, por s\u00ed mismo, evangelizador. Son lugares de aprendizaje y de di\u00e1logo, as\u00ed como centros de investigaci\u00f3n, que deben desarrollarse cada vez m\u00e1s, ser m\u00e1s ambiciosos\u201d. El Papa, ha elogiado en este sentido las iniciativas de algunas di\u00f3cesis francesas que promueven el conocimiento de la teolog\u00eda entre los j\u00f3venes que estudian otras disciplinas. \u201cLa teolog\u00eda -ha se\u00f1alado -es una fuente de sabidur\u00eda, de alegr\u00eda y maravilla que no se puede limitar a los seminaristas, a los sacerdotes y a las personas consagradas\u201d.<\/p>\n<p align=\"justify\">Benedicto XVI ha concluido su discurso hablando de las escuelas cat\u00f3licas que \u201chan dado forma a la vida cristiana y cultural\u201d de Francia , y que ahora tienen \u201cuna responsabilidad hist\u00f3rica\u201d \u201cEs necesario encontrar los caminos para que la transmisi\u00f3n de la fe siga siendo central en su proyecto educativo (&#8230;) La educaci\u00f3n en los valores cristianos da las claves de la cultura de vuestro pa\u00eds. Abri\u00e9ndose a la esperanza y a la libertad genuina, seguir\u00e1 brind\u00e1ndole dinamismo y creatividad. El calor que aportemos la nueva evangelizaci\u00f3n ser\u00e1 nuestra mejor contribuci\u00f3n al florecimiento de una sociedad humanitaria y la mejor respuesta a los retos que plantea a todos el tercer milenio\u201d.<\/p>\n<p align=\"justify\">&nbsp;<\/p>\n<p align=\"right\">Ciudad del Vaticano, 30 noviembre 2012 (VIS).-<\/p>\n","protected":false},"excerpt":{"rendered":"<p>\u201cLa Iglesia en Francia cuenta con una larga lista de santos, doctores, m\u00e1rtires y confesores de la fe. Vosotros sois los herederos de una gran experiencia humana y de una riqueza espiritual inmensa (&#8230;)Esos or\u00edgenes y ese pasado glorioso, siempre presente en nuestro pensamiento y tan enraizado en nuestro esp\u00edritu, nos permiten nutrir una gran &hellip; <a href=\"https:\/\/www.biblia.work\/sermones\/el-papa-a-los-obispos-franceses-la-ignorancia-religiosa-es-uno-de-los-grandes-problemas-de-nuestro-tiempo\/\" class=\"more-link\">Continuar leyendo<span class=\"screen-reader-text\"> \u00abEl Papa a los obispos franceses: \u201cLa ignorancia religiosa es uno de los grandes problemas de nuestro tiempo\u201d\u00bb<\/span><\/a><\/p>\n","protected":false},"author":1,"featured_media":0,"comment_status":"open","ping_status":"closed","sticky":false,"template":"","format":"standard","meta":{"footnotes":""},"categories":[1],"tags":[],"class_list":["post-38582","post","type-post","status-publish","format-standard","hentry","category-general"],"_links":{"self":[{"href":"https:\/\/www.biblia.work\/sermones\/wp-json\/wp\/v2\/posts\/38582","targetHints":{"allow":["GET"]}}],"collection":[{"href":"https:\/\/www.biblia.work\/sermones\/wp-json\/wp\/v2\/posts"}],"about":[{"href":"https:\/\/www.biblia.work\/sermones\/wp-json\/wp\/v2\/types\/post"}],"author":[{"embeddable":true,"href":"https:\/\/www.biblia.work\/sermones\/wp-json\/wp\/v2\/users\/1"}],"replies":[{"embeddable":true,"href":"https:\/\/www.biblia.work\/sermones\/wp-json\/wp\/v2\/comments?post=38582"}],"version-history":[{"count":0,"href":"https:\/\/www.biblia.work\/sermones\/wp-json\/wp\/v2\/posts\/38582\/revisions"}],"wp:attachment":[{"href":"https:\/\/www.biblia.work\/sermones\/wp-json\/wp\/v2\/media?parent=38582"}],"wp:term":[{"taxonomy":"category","embeddable":true,"href":"https:\/\/www.biblia.work\/sermones\/wp-json\/wp\/v2\/categories?post=38582"},{"taxonomy":"post_tag","embeddable":true,"href":"https:\/\/www.biblia.work\/sermones\/wp-json\/wp\/v2\/tags?post=38582"}],"curies":[{"name":"wp","href":"https:\/\/api.w.org\/{rel}","templated":true}]}}