{"id":38583,"date":"2016-06-21T18:05:46","date_gmt":"2016-06-21T23:05:46","guid":{"rendered":"http:\/\/www.biblia.work\/sermones\/road-map-para-la-pastoral-de-la-emigracion-en-europa\/"},"modified":"2016-06-21T18:05:46","modified_gmt":"2016-06-21T23:05:46","slug":"road-map-para-la-pastoral-de-la-emigracion-en-europa","status":"publish","type":"post","link":"https:\/\/www.biblia.work\/sermones\/road-map-para-la-pastoral-de-la-emigracion-en-europa\/","title":{"rendered":"Road Map para la pastoral de la Emigraci\u00f3n en Europa"},"content":{"rendered":"<p align=\"justify\">Con una \u201croad map\u201d de la secci\u00f3n para la pastoral de los emigrantes en Europa se clausura hoy en Roma la reuni\u00f3n de la Comisi\u00f3n \u201cCaritas in Veritate\u201d del Consejo de las Conferencias Episcopales de Europa (CCEE) cuyo tema ha sido \u201cUna pastoral de comuni\u00f3n para una evangelizaci\u00f3n renovada\u201d.<\/p>\n<p align=\"justify\">Durante tres d\u00edas, del 27 al 29 de noviembre, alrededor de 40 obispos y directores nacionales de la pastoral de los emigrantes de la CCEE han debatido sobre el compromiso de la Iglesia en Europa en este \u00e1mbito. \u201cLa crisis econ\u00f3mica -ha explicado el padre Duarte da Cunha, secretario general del CCEE- se ceba sobre todo en los m\u00e1s d\u00e9biles y en los emigrantes. Especialmente, los que se han visto obligados a emigrar a causa de la pobreza, son los primeros en sufrir las consecuencias de la crisis y a ser cada vez m\u00e1s fr\u00e1giles. La pastoral de las Iglesias, que tiene el objetivo de evangelizar, pero tambi\u00e9n el de crear comunidad se siente, de alguna forma, interpelada para contribuir en la integraci\u00f3n, en el refuerzo de los lazos, en acompa\u00f1ar y ayudar a las personas. Sea que se trate de los se quedan -como los ni\u00f1os a los que sus padres dejan porque han emigrado buscando un trabajo- que de los que se van.\u201d<\/p>\n<p align=\"justify\">Los trabajos de la comisi\u00f3n fueron inaugurados por el cardenal Antonio Maria Vegli\u00f2, presidente del Pontificio Consejo para la Pastoral de los Emigrantes e Itinerantes, por el presidente de la secci\u00f3n migraciones de \u201cCaritas in Veritate\u201d, el cardenal Josip Bozanic, arzobispo de Zagreb (Croacia);el presidente de asuntos sociales de esa misma comisi\u00f3n, Monse\u00f1or Giampaolo Crepaldi, arzobispo de Trieste (Italia) y monse\u00f1or Paolo Schiavon, obispo auxiliar de Roma (Italia) y presidente de la Fundaci\u00f3n \u201cMigrantes\u201d.<\/p>\n<p align=\"justify\">Algunos de los temas a debate han sido \u201cEl testimonio de la comuni\u00f3n eclesial para una nueva evangelizaci\u00f3n\u201d, presentado por el arzobispo Salvatore Fisichella, presidente del Pontificio Consejo para la Promoci\u00f3n de la Nueva Evangelizaci\u00f3n; \u201cComuni\u00f3n y Pastoral: una visi\u00f3n de la Iglesia Cat\u00f3lica del Este\u201d, a cargo del arzobispo Cyril Vasil, S.I. secretario de la Congregaci\u00f3n para las Iglesias Orientales; \u201cDirectrices para una pastoral de comuni\u00f3n para las migraciones\u201d, expuestas por el padre Fabio Baggio, director del \u201cScalabrini International Migration Institute\u201d y \u201cNueva evangelizaci\u00f3n y movilidad humana\u201d, de monse\u00f1or Giancarlo Perego, director general de la Fundaci\u00f3n Migrantes.<\/p>\n<p align=\"justify\">\u201cEn este momento de crisis econ\u00f3mica -ha precisado Duarte da Cunha- no se pueden separar la ayuda social, la pastoral, la evangelizaci\u00f3n. La caridad, la tutela pol\u00edtica, el anuncio y la celebraci\u00f3n de la fe constituyen un compromiso \u00fanico y una \u00fanica v\u00eda de acci\u00f3n sobre todo para los que ayudan y apoyan la acogida y el proceso de integraci\u00f3n de los emigrantes en Europa\u201d.<\/p>\n<p align=\"justify\">&nbsp;<\/p>\n<p align=\"right\">Ciudad del Vaticano, 29 noviembre 2012 (VIS).-<\/p>\n","protected":false},"excerpt":{"rendered":"<p>Con una \u201croad map\u201d de la secci\u00f3n para la pastoral de los emigrantes en Europa se clausura hoy en Roma la reuni\u00f3n de la Comisi\u00f3n \u201cCaritas in Veritate\u201d del Consejo de las Conferencias Episcopales de Europa (CCEE) cuyo tema ha sido \u201cUna pastoral de comuni\u00f3n para una evangelizaci\u00f3n renovada\u201d. Durante tres d\u00edas, del 27 al &hellip; <a href=\"https:\/\/www.biblia.work\/sermones\/road-map-para-la-pastoral-de-la-emigracion-en-europa\/\" class=\"more-link\">Continuar leyendo<span class=\"screen-reader-text\"> \u00abRoad Map para la pastoral de la Emigraci\u00f3n en Europa\u00bb<\/span><\/a><\/p>\n","protected":false},"author":1,"featured_media":0,"comment_status":"open","ping_status":"closed","sticky":false,"template":"","format":"standard","meta":{"footnotes":""},"categories":[1],"tags":[],"class_list":["post-38583","post","type-post","status-publish","format-standard","hentry","category-general"],"_links":{"self":[{"href":"https:\/\/www.biblia.work\/sermones\/wp-json\/wp\/v2\/posts\/38583","targetHints":{"allow":["GET"]}}],"collection":[{"href":"https:\/\/www.biblia.work\/sermones\/wp-json\/wp\/v2\/posts"}],"about":[{"href":"https:\/\/www.biblia.work\/sermones\/wp-json\/wp\/v2\/types\/post"}],"author":[{"embeddable":true,"href":"https:\/\/www.biblia.work\/sermones\/wp-json\/wp\/v2\/users\/1"}],"replies":[{"embeddable":true,"href":"https:\/\/www.biblia.work\/sermones\/wp-json\/wp\/v2\/comments?post=38583"}],"version-history":[{"count":0,"href":"https:\/\/www.biblia.work\/sermones\/wp-json\/wp\/v2\/posts\/38583\/revisions"}],"wp:attachment":[{"href":"https:\/\/www.biblia.work\/sermones\/wp-json\/wp\/v2\/media?parent=38583"}],"wp:term":[{"taxonomy":"category","embeddable":true,"href":"https:\/\/www.biblia.work\/sermones\/wp-json\/wp\/v2\/categories?post=38583"},{"taxonomy":"post_tag","embeddable":true,"href":"https:\/\/www.biblia.work\/sermones\/wp-json\/wp\/v2\/tags?post=38583"}],"curies":[{"name":"wp","href":"https:\/\/api.w.org\/{rel}","templated":true}]}}