{"id":38584,"date":"2016-06-21T18:05:50","date_gmt":"2016-06-21T23:05:50","guid":{"rendered":"http:\/\/www.biblia.work\/sermones\/el-papa-en-twitter\/"},"modified":"2016-06-21T18:05:50","modified_gmt":"2016-06-21T23:05:50","slug":"el-papa-en-twitter","status":"publish","type":"post","link":"https:\/\/www.biblia.work\/sermones\/el-papa-en-twitter\/","title":{"rendered":"El Papa en Twitter"},"content":{"rendered":"<p align=\"justify\">Benedicto XVI entra en Twitter. Todas las informaciones al respecto se comunicar\u00e1n el pr\u00f3ximo lunes, 3 de diciembre, en una conferencia que tendr\u00e1 lugar en la Oficina de Prensa de la Santa Sede y en la que participan el arzobispo Claudio Maria Celli, presidente del Pontificio Consejo para las Comunicaciones Sociales, monse\u00f1or Paul Tighe, secretario del mismo dicasterio, el padre Federico Lombardi S.I., director de la Oficina de Prensa de la Santa Sede, el director de \u201cL&#8217;Osservatore Romano\u201d, Gian Maria Vian y el asesor para la comunicaci\u00f3n de la Secretaria de Estado, Greg Burke.<br \/>\nHay que recordar que el Papa ha utilizado ya una vez los 140 caracteres de Twitter, cuando en junio de 2011, lanz\u00f3 el portal informativo del Vaticano www.news.va, con las palabras: \u201cQueridos amigos, acabo de inaugurar www.news.va \u00a1Sea loado Jesucristo!.Con mis oraciones y mi bendici\u00f3n, Benedicto XVI\u201d.<\/p>\n<p align=\"justify\">Ciudad del Vaticano, 29 noviembre 2012 (VIS).-<\/p>\n","protected":false},"excerpt":{"rendered":"<p>Benedicto XVI entra en Twitter. Todas las informaciones al respecto se comunicar\u00e1n el pr\u00f3ximo lunes, 3 de diciembre, en una conferencia que tendr\u00e1 lugar en la Oficina de Prensa de la Santa Sede y en la que participan el arzobispo Claudio Maria Celli, presidente del Pontificio Consejo para las Comunicaciones Sociales, monse\u00f1or Paul Tighe, secretario &hellip; <a href=\"https:\/\/www.biblia.work\/sermones\/el-papa-en-twitter\/\" class=\"more-link\">Continuar leyendo<span class=\"screen-reader-text\"> \u00abEl Papa en Twitter\u00bb<\/span><\/a><\/p>\n","protected":false},"author":1,"featured_media":0,"comment_status":"open","ping_status":"closed","sticky":false,"template":"","format":"standard","meta":{"footnotes":""},"categories":[1],"tags":[],"class_list":["post-38584","post","type-post","status-publish","format-standard","hentry","category-general"],"_links":{"self":[{"href":"https:\/\/www.biblia.work\/sermones\/wp-json\/wp\/v2\/posts\/38584","targetHints":{"allow":["GET"]}}],"collection":[{"href":"https:\/\/www.biblia.work\/sermones\/wp-json\/wp\/v2\/posts"}],"about":[{"href":"https:\/\/www.biblia.work\/sermones\/wp-json\/wp\/v2\/types\/post"}],"author":[{"embeddable":true,"href":"https:\/\/www.biblia.work\/sermones\/wp-json\/wp\/v2\/users\/1"}],"replies":[{"embeddable":true,"href":"https:\/\/www.biblia.work\/sermones\/wp-json\/wp\/v2\/comments?post=38584"}],"version-history":[{"count":0,"href":"https:\/\/www.biblia.work\/sermones\/wp-json\/wp\/v2\/posts\/38584\/revisions"}],"wp:attachment":[{"href":"https:\/\/www.biblia.work\/sermones\/wp-json\/wp\/v2\/media?parent=38584"}],"wp:term":[{"taxonomy":"category","embeddable":true,"href":"https:\/\/www.biblia.work\/sermones\/wp-json\/wp\/v2\/categories?post=38584"},{"taxonomy":"post_tag","embeddable":true,"href":"https:\/\/www.biblia.work\/sermones\/wp-json\/wp\/v2\/tags?post=38584"}],"curies":[{"name":"wp","href":"https:\/\/api.w.org\/{rel}","templated":true}]}}