{"id":38586,"date":"2016-06-21T18:06:03","date_gmt":"2016-06-21T23:06:03","guid":{"rendered":"http:\/\/www.biblia.work\/sermones\/el-papa-explica-como-hablar-de-dios-en-nuestro-tiempo-en-la-audiencia-general-del-miercoles-28-11-2012\/"},"modified":"2016-06-21T18:06:03","modified_gmt":"2016-06-21T23:06:03","slug":"el-papa-explica-como-hablar-de-dios-en-nuestro-tiempo-en-la-audiencia-general-del-miercoles-28-11-2012","status":"publish","type":"post","link":"https:\/\/www.biblia.work\/sermones\/el-papa-explica-como-hablar-de-dios-en-nuestro-tiempo-en-la-audiencia-general-del-miercoles-28-11-2012\/","title":{"rendered":"El Papa explica c\u00f3mo hablar de Dios en nuestro tiempo, en la audiencia general del mi\u00e9rcoles 28-11-2012"},"content":{"rendered":"<p align=\"justify\">\u201c\u00bfC\u00f3mo hablar de Dios en nuestro tiempo? \u00bfC\u00f3mo comunicar el Evangelio para abrir caminos a su verdad salvadora?\u201d. Estos han sido los interrogantes a los que el Santo Padre ha querido responder con la catequesis de la audiencia general de los mi\u00e9rcoles, que ha tenido lugar en el Aula Pablo VI.<\/p>\n<p align=\"justify\">\u201cEn Jes\u00fas de Nazaret- ha dicho el Papa- encontramos el rostro de Dios que ha bajado de su Cielo, para sumergirse en el mundo de los hombres y ense\u00f1arnos el \u201carte de vivir\u201d, el camino de la felicidad, para liberarnos del pecado y hacernos plenamente Hijos de Dios\u201d.<\/p>\n<p align=\"justify\">\u201cHablar de Dios -ha proseguido- significa, ante todo, tener claro lo que debemos transmitir a los hombres y mujeres de nuestra \u00e9poca: Dios ha hablado con nosotros,(&#8230;) no un Dios abstracto, una hip\u00f3tesis, sino un Dios concreto, un Dios que existe, que ha entrado en la historia y est\u00e1 presente en la historia; el Dios de Jesucristo (&#8230;) como respuesta a la pregunta fundamental de por qu\u00e9 y c\u00f3mo vivir. Por eso hablar de Dios requiere un continuo crecimiento en la fe, una familiaridad con Jes\u00fas y su Evangelio, un profundo conocimiento de Dios y una fuerte pasi\u00f3n por su proyecto de salvaci\u00f3n, sin ceder a la tentaci\u00f3n del \u00e9xito (&#8230;) sin temor a la humildad de los peque\u00f1os pasos y confiando en la levadura que entra en la masa y hace que crezca lentamente. Al hablar de Dios, en la obra de la evangelizaci\u00f3n, bajo la gu\u00eda del Esp\u00edritu Santo, necesitamos recuperar la simplicidad, regresar a lo esencial del anuncio: la Buena Nueva del Dios concreto, que se interesa por nosotros, del Dios-amor que se acerca a nosotros en Jesucristo, hasta la Cruz ,y que en la Resurrecci\u00f3n nos da esperanza y nos abre una vida que no tiene fin, la vida eterna\u201d.<\/p>\n<p align=\"justify\">El Papa ha recordado que para San Pablo, comunicar la fe \u201cno significa manifestar el propio yo sino decir abierta y p\u00fablicamente lo que ha visto y sentido en el encuentro con Cristo, lo que ha experimentado en su vida ya transformada por ese encuentro. El Ap\u00f3stol no se contenta de proclamar con las palabras, sino que implica toda su existencia en la gran obra de la fe(&#8230;) Para hablar de Dios, hay que dejarle sitio, con la confianza de que es \u00c9l quien act\u00faa en nuestra debilidad: dejarle espacio sin miedo, con sencillez y alegr\u00eda, con la profunda convicci\u00f3n de que cuanto m\u00e1s el centro sea \u00c9l y no nosotros, m\u00e1s ser\u00e1 fruct\u00edfera nuestra comunicaci\u00f3n (&#8230;) Y esto es v\u00e1lido tambi\u00e9n para las comunidades cristianas que est\u00e1n llamadas a mostrar la acci\u00f3n transformadora de la gracia de Dios, superando individualismos, cierres, ego\u00edsmos, indiferencia y viviendo en las relaciones diarias el amor de Dios. Tenemos que ponernos en marcha para ser siempre y realmente anunciadores de Cristo y no de nosotros mismos\u201d.<\/p>\n<p align=\"justify\">En este punto , ha proseguido, debemos preguntarnos \u201cc\u00f3mo comunicaba Jes\u00fas. Jes\u00fas (&#8230;) habla de su Padre &#8211; Abba lo llama &#8211; y del Reino de Dios, con los ojos llenos de compasi\u00f3n por los sufrimientos y las dificultades de la existencia humana. En los evangelios vemos c\u00f3mo se interesa por todas las situaciones humanas que encuentra, se sumerge en la realidad de los hombres y mujeres de su tiempo, con una plena confianza en la ayuda del Padre(&#8230;) En \u00c9l, anuncio y vida est\u00e1n entrelazados: Jes\u00fas act\u00faa y ense\u00f1a, siempre a partir de una relaci\u00f3n profunda con Dios Padre. Esta forma se convierte en una indicaci\u00f3n fundamental para los cristianos: nuestro modo de vivir en la fe y en la caridad se transforma en un hablar de Dios hoy, porque demuestra, con una existencia vivida en Cristo, la credibilidad y el realismo de lo que decimos con palabras. Tenemos que prestar atenci\u00f3n a interpretar los signos de los tiempos en nuestra \u00e9poca, a individuar el potencial, los deseos y los obst\u00e1culos de la cultura contempor\u00e1nea; en particular el deseo de autenticidad, el anhelo de trascendencia, la sensibilidad por la salvaguardia de la creaci\u00f3n, y comunicar sin temor la respuesta que ofrece la fe en Dios\u201d.<\/p>\n<p align=\"justify\">\u201cHablar de Dios significa, por lo tanto, hacer entender con nuestras palabras y nuestras vidas que Dios no es un competidor de nuestra existencia, sino, al contrario el verdadero garante, el garante de la grandeza de la persona humana. As\u00ed que volvemos al principio: hablar de Dios es comunicar, con la fuerza y la sencillez, con la palabra y la vida, lo que es esencial: el Dios de Jesucristo, ese Dios que nos ha mostrado un amor tan grande como para encarnarse, para morir y resucitar por nosotros; ese Dios que nos invita a seguirlo y dejarnos transformar por su amor inmenso para renovar nuestra vida y nuestras relaciones; el Dios que nos ha dado a la Iglesia, para caminar juntos y, a trav\u00e9s de la Palabra y los Sacramentos, renovar toda la ciudad de los hombres para que pueda llegar a ser la Ciudad de Dios\u201d, ha concluido el Santo Padre.<\/p>\n","protected":false},"excerpt":{"rendered":"<p>\u201c\u00bfC\u00f3mo hablar de Dios en nuestro tiempo? \u00bfC\u00f3mo comunicar el Evangelio para abrir caminos a su verdad salvadora?\u201d. Estos han sido los interrogantes a los que el Santo Padre ha querido responder con la catequesis de la audiencia general de los mi\u00e9rcoles, que ha tenido lugar en el Aula Pablo VI. \u201cEn Jes\u00fas de Nazaret- &hellip; <a href=\"https:\/\/www.biblia.work\/sermones\/el-papa-explica-como-hablar-de-dios-en-nuestro-tiempo-en-la-audiencia-general-del-miercoles-28-11-2012\/\" class=\"more-link\">Continuar leyendo<span class=\"screen-reader-text\"> \u00abEl Papa explica c\u00f3mo hablar de Dios en nuestro tiempo, en la audiencia general del mi\u00e9rcoles 28-11-2012\u00bb<\/span><\/a><\/p>\n","protected":false},"author":1,"featured_media":0,"comment_status":"open","ping_status":"closed","sticky":false,"template":"","format":"standard","meta":{"footnotes":""},"categories":[1],"tags":[],"class_list":["post-38586","post","type-post","status-publish","format-standard","hentry","category-general"],"_links":{"self":[{"href":"https:\/\/www.biblia.work\/sermones\/wp-json\/wp\/v2\/posts\/38586","targetHints":{"allow":["GET"]}}],"collection":[{"href":"https:\/\/www.biblia.work\/sermones\/wp-json\/wp\/v2\/posts"}],"about":[{"href":"https:\/\/www.biblia.work\/sermones\/wp-json\/wp\/v2\/types\/post"}],"author":[{"embeddable":true,"href":"https:\/\/www.biblia.work\/sermones\/wp-json\/wp\/v2\/users\/1"}],"replies":[{"embeddable":true,"href":"https:\/\/www.biblia.work\/sermones\/wp-json\/wp\/v2\/comments?post=38586"}],"version-history":[{"count":0,"href":"https:\/\/www.biblia.work\/sermones\/wp-json\/wp\/v2\/posts\/38586\/revisions"}],"wp:attachment":[{"href":"https:\/\/www.biblia.work\/sermones\/wp-json\/wp\/v2\/media?parent=38586"}],"wp:term":[{"taxonomy":"category","embeddable":true,"href":"https:\/\/www.biblia.work\/sermones\/wp-json\/wp\/v2\/categories?post=38586"},{"taxonomy":"post_tag","embeddable":true,"href":"https:\/\/www.biblia.work\/sermones\/wp-json\/wp\/v2\/tags?post=38586"}],"curies":[{"name":"wp","href":"https:\/\/api.w.org\/{rel}","templated":true}]}}