{"id":38587,"date":"2016-06-21T18:06:08","date_gmt":"2016-06-21T23:06:08","guid":{"rendered":"http:\/\/www.biblia.work\/sermones\/el-cardenal-tauran-en-la-inauguracion-del-kaiciid\/"},"modified":"2016-06-21T18:06:08","modified_gmt":"2016-06-21T23:06:08","slug":"el-cardenal-tauran-en-la-inauguracion-del-kaiciid","status":"publish","type":"post","link":"https:\/\/www.biblia.work\/sermones\/el-cardenal-tauran-en-la-inauguracion-del-kaiciid\/","title":{"rendered":"El cardenal Tauran en la inauguraci\u00f3n del KAICIID"},"content":{"rendered":"<p align=\"justify\">El cardenal <strong>Jean-Louis Tauran<\/strong>, presidente del Pontificio Consejo para el Di\u00e1logo Interreligioso intervino ayer en Viena en la ceremonia inaugural del Centro para el Di\u00e1logo Interreligioso e Intercultural Rey Abdullah bin Abdulaziz (KAICIID). El centro es una organizaci\u00f3n independiente, reconocida por la ONU y fundada por Arabia Saudita, Austria y Espa\u00f1a a la que la Santa Sede adhiere en calidad de Observador Fundador.<\/p>\n<p align=\"justify\">\u201cTengo el privilegio de traer a esta Asamblea -dijo el cardenal- los saludos del Papa Benedicto XVI, as\u00ed como sus mejores deseos para el \u00e9xito de la actividad de este Centro de Di\u00e1logo\u201d.<\/p>\n<p align=\"justify\">\u201cNos observan -prosigui\u00f3- Todo el mundo espera de la iniciativa del Rey Abdullah, apoyada por los gobiernos de Austria y Espa\u00f1a, con la asistencia de la Santa Sede como Observador Fundador, clarividencia, honestidad y credibilidad\u201d.<\/p>\n<p align=\"justify\">\u201cEste Centro brinda otra oportunidad para un di\u00e1logo abierto en numerosos temas, incluidos los relacionados con los derechos humanos fundamentales, en particular con la libertad religiosa, en todas sus formas, para todos, para todas las comunidades, en cualquier lugar. A este respecto, pueden comprender c\u00f3mo la Santa Sede est\u00e9 particularmente interesada en el destino de las comunidades cristianas en aquellos pa\u00edses donde esta libertad no est\u00e1 garantizada adecuadamente. Informaci\u00f3n, nuevas iniciativas, aspiraciones, y quiz\u00e1 tambi\u00e9n fallos, ser\u00e1n sometidos a nuestra atenci\u00f3n. Ser\u00e1 entonces misi\u00f3n del Centro &#8211; y cuando sea posible tambi\u00e9n con la cooperaci\u00f3n de otras organizaciones- verificar su autenticidad y actuar en consecuencia, para que nuestros contempor\u00e1neos no resulten privados de la luz y las propuestas que la religi\u00f3n ofrece para la felicidad de todo ser humano\u201d.<\/p>\n<p align=\"justify\">\u201cLos creyentes tienen que trabajar en pro y sostener todo lo que favorezca a la persona humana en sus aspiraciones materiales, morales y religiosas. Para ello son necesarios tres comportamientos:Respeto del otro\/ otra en su especificidad; conocimiento objetivo mutuo de las tradiciones religiosas y culturales de cada uno, particularmente a trav\u00e9s de la educaci\u00f3n; colaboraci\u00f3n para que nuestra peregrinaci\u00f3n hacia la Verdad se realice en la serenidad y en la libertad\u201d.<\/p>\n<p align=\"justify\">\u201cEn conclusi\u00f3n y citando al Papa Benedicto XVI, les aseguro la cooperaci\u00f3n de la Iglesia Cat\u00f3lica: \u201cCon su presencia, su oraci\u00f3n y sus diversas obras de misericordia, especialmente en el campo de la educaci\u00f3n y la sanidad, desea dar lo mejor que tiene. Desea mostrarse cercana de quien est\u00e1 en necesidad, de quien busca a Dios\u201d. (Benedicto XVI, Viaje Apost\u00f3lico a Benin, Ceremonia de Bienvenida, 18 de noviembre del 2011).<\/p>\n<p align=\"justify\">\u201cEste es -concluy\u00f3 el purpurado- el esp\u00edritu de fraternidad y amistad con el que tenemos que trabajar\u201d.<\/p>\n<p align=\"justify\">&nbsp;<\/p>\n<p align=\"right\">Ciudad del Vaticano, 27 noviembre 2012 (VIS).-<\/p>\n","protected":false},"excerpt":{"rendered":"<p>El cardenal Jean-Louis Tauran, presidente del Pontificio Consejo para el Di\u00e1logo Interreligioso intervino ayer en Viena en la ceremonia inaugural del Centro para el Di\u00e1logo Interreligioso e Intercultural Rey Abdullah bin Abdulaziz (KAICIID). El centro es una organizaci\u00f3n independiente, reconocida por la ONU y fundada por Arabia Saudita, Austria y Espa\u00f1a a la que la &hellip; <a href=\"https:\/\/www.biblia.work\/sermones\/el-cardenal-tauran-en-la-inauguracion-del-kaiciid\/\" class=\"more-link\">Continuar leyendo<span class=\"screen-reader-text\"> \u00abEl cardenal Tauran en la inauguraci\u00f3n del KAICIID\u00bb<\/span><\/a><\/p>\n","protected":false},"author":1,"featured_media":0,"comment_status":"open","ping_status":"closed","sticky":false,"template":"","format":"standard","meta":{"footnotes":""},"categories":[1],"tags":[],"class_list":["post-38587","post","type-post","status-publish","format-standard","hentry","category-general"],"_links":{"self":[{"href":"https:\/\/www.biblia.work\/sermones\/wp-json\/wp\/v2\/posts\/38587","targetHints":{"allow":["GET"]}}],"collection":[{"href":"https:\/\/www.biblia.work\/sermones\/wp-json\/wp\/v2\/posts"}],"about":[{"href":"https:\/\/www.biblia.work\/sermones\/wp-json\/wp\/v2\/types\/post"}],"author":[{"embeddable":true,"href":"https:\/\/www.biblia.work\/sermones\/wp-json\/wp\/v2\/users\/1"}],"replies":[{"embeddable":true,"href":"https:\/\/www.biblia.work\/sermones\/wp-json\/wp\/v2\/comments?post=38587"}],"version-history":[{"count":0,"href":"https:\/\/www.biblia.work\/sermones\/wp-json\/wp\/v2\/posts\/38587\/revisions"}],"wp:attachment":[{"href":"https:\/\/www.biblia.work\/sermones\/wp-json\/wp\/v2\/media?parent=38587"}],"wp:term":[{"taxonomy":"category","embeddable":true,"href":"https:\/\/www.biblia.work\/sermones\/wp-json\/wp\/v2\/categories?post=38587"},{"taxonomy":"post_tag","embeddable":true,"href":"https:\/\/www.biblia.work\/sermones\/wp-json\/wp\/v2\/tags?post=38587"}],"curies":[{"name":"wp","href":"https:\/\/api.w.org\/{rel}","templated":true}]}}